 



{"id":14563,"date":"2017-04-20T22:30:04","date_gmt":"2017-04-20T22:30:04","guid":{"rendered":"https:\/\/www.consorciresidus.org\/agullent\/"},"modified":"2025-12-11T17:34:57","modified_gmt":"2025-12-11T17:34:57","slug":"agullent","status":"publish","type":"post","link":"https:\/\/www.consorciresidus.org\/es\/agullent\/","title":{"rendered":"Agullent"},"content":{"rendered":"<div class=\"pdfprnt-buttons\"><a href=\"https:\/\/www.consorciresidus.org\/es\/wp-json\/wp\/v2\/posts\/14563?print=pdf\" class=\"pdfprnt-button pdfprnt-button-pdf\" target=\"_blank\"><img decoding=\"async\" src=\"https:\/\/www.consorciresidus.org\/wp-content\/plugins\/pdf-print\/images\/pdf.png\" alt=\"image_pdf\" title=\"Ver PDF\" \/><span class=\"pdfprnt-button-title pdfprnt-button-pdf-title\">Descargar PDF<\/span><\/a><\/div>\n<div class=\"enlacepan\"><a href=\"https:\/\/www.consorciresidus.org\/es\/transparencia\/\">Transparencia<\/a>\u00a0\/ <a href=\"https:\/\/www.consorciresidus.org\/es\/transparencia\/datos-en-tu-poblacion\/\">Datos en tu poblaci\u00f3n<\/a>\u00a0\/ Agullent<\/div>\n<table class=\"table2\">\n<tbody>\n<tr class=\"destacado\">\n<th>Municipio<\/th>\n<th>Comarca<\/th>\n<th>Representante del municipio al Cor<\/th>\n<\/tr>\n<tr class=\"datos\">\n<td>Agullent<\/td>\n<td>La Vall d&#8217;Albaida<\/td>\n<td>PAU MU\u00d1OZ GONZ\u00c1LEZ<\/td>\n<\/tr>\n<\/tbody>\n<\/table>\n<table class=\"table2\">\n<tbody>\n<tr class=\"destacado\">\n<th colspan='11'>N\u00famero de habitantes<\/th>\n<\/tr>\n<tr class=\"destacado\">\n<th>2015<\/th>\n<th>2016<\/th>\n<th>2017<\/th>\n<th>2018<\/th>\n<th>2019<\/th>\n<th>2020<\/th>\n<th>2021<\/th>\n<th>2022<\/th>\n<th>2023<\/th>\n<th>2024<\/th>\n<th>2025<\/th>\n<\/tr>\n<tr class=\"datos\">\n<td>2.402<\/td>\n<td>2.395<\/td>\n<td>2.387<\/td>\n<td>2.413<\/td>\n<td>2.410<\/td>\n<td>2.388<\/td>\n<td>2.369<\/td>\n<td>2.361<\/td>\n<td>2.400<\/td>\n<td>2.416<\/td>\n<td>&#8211;<\/td>\n<\/tr>\n<\/tbody>\n<\/table>\n<table class=\"table2\">\n<tbody>\n<tr class=\"destacado\">\n<th>Sistema de recogida<\/th>\n<\/tr>\n<tr class=\"datos\">\n<td>Recogida de 4 fracciones: papel y cart\u00f3n, pl\u00e1sticos y envases ligeros, vidrio y resto no selectivo en contenedor<\/td>\n<\/tr>\n<\/tbody>\n<\/table>\n<table class=\"table2\">\n<tbody>\n<tr class=\"destacado\">\n<th>Empresa cosechadora<\/th>\n<th>Estaci\u00f3n de transferencia<\/th>\n<th>Ecoparque m\u00e1s cercano<\/th>\n<\/tr>\n<tr class=\"datos\">\n<td>RECISA<\/td>\n<td>Bufali<\/td>\n<td>Ontinyent<\/td>\n<\/tr>\n<\/tbody>\n<\/table>\n<table class=\"table2\">\n<tbody>\n<tr class=\"destacado\">\n<th>Planta de destino de los residuos<\/th>\n<\/tr>\n<tr class=\"datos\">\n<td> Caudete de las Fuentes (Consorcio Valencia Interior, Plan Zonal 4. \u00c1rea de gesti\u00f3n V3) &#8211; Alg\u00edmia d&#8217;Alfara (Consorcio Palancia Belcaire, Plan Zonal 3. \u00c1rea de gesti\u00f3n C3 \/ V1) &#8211; Manises (EMTRE, Plan Zonal V3. \u00c1rea de gesti\u00f3n V2)<\/td>\n<\/tr>\n<\/tbody>\n<\/table>\n<table class=\"table2\">\n<thead>\n<tr class=\"destacado\">\n<th>Tasa<\/th>\n<th class='row-Costos-taxa'>Costes tasa<\/th>\n<th class='row-Emisions-GEI'>Emisiones GEI<\/th>\n<th class='row-Impost-abocador'>Impuesto vertedero<\/th>\n<th class='row-Import-taxa'>Importe tasa<\/th>\n<th class='row-Ranking-en-import-de-la-taxa'>Ranking importe de la tasa<\/th>\n<\/tr>\n<\/thead>\n<tbody>\n<tr class='datos'>\n<td>2015<\/td>\n<td class='row-Costos-taxa'>&#8211;<\/td>\n<td class='row-Emisions-GEI'>&#8211;<\/td>\n<td class='row-Impost-abocador'>&#8211;<\/td>\n<td class='row-Import-taxa'>&#8211;<\/td>\n<td class='row-Ranking-en-import-de-la-taxa'>&#8211;<\/td>\n<\/tr>\n<tr class='datos'>\n<td>2016<\/td>\n<td class='row-Costos-taxa'>&#8211;<\/td>\n<td class='row-Emisions-GEI'>&#8211;<\/td>\n<td class='row-Impost-abocador'>&#8211;<\/td>\n<td class='row-Import-taxa'>35,91\u20ac<\/td>\n<td class='row-Ranking-en-import-de-la-taxa'>18<\/td>\n<\/tr>\n<tr class='datos'>\n<td>2017<\/td>\n<td class='row-Costos-taxa'>&#8211;<\/td>\n<td class='row-Emisions-GEI'>&#8211;<\/td>\n<td class='row-Impost-abocador'>&#8211;<\/td>\n<td class='row-Import-taxa'>45,87\u20ac<\/td>\n<td class='row-Ranking-en-import-de-la-taxa'>31<\/td>\n<\/tr>\n<tr class='datos'>\n<td>2018<\/td>\n<td class='row-Costos-taxa'>&#8211;<\/td>\n<td class='row-Emisions-GEI'>&#8211;<\/td>\n<td class='row-Impost-abocador'>&#8211;<\/td>\n<td class='row-Import-taxa'>58,22\u20ac<\/td>\n<td class='row-Ranking-en-import-de-la-taxa'>18<\/td>\n<\/tr>\n<tr class='datos'>\n<td>2019<\/td>\n<td class='row-Costos-taxa'>&#8211;<\/td>\n<td class='row-Emisions-GEI'>&#8211;<\/td>\n<td class='row-Impost-abocador'>&#8211;<\/td>\n<td class='row-Import-taxa'>59,82\u20ac<\/td>\n<td class='row-Ranking-en-import-de-la-taxa'>22<\/td>\n<\/tr>\n<tr class='datos'>\n<td>2020<\/td>\n<td class='row-Costos-taxa'>&#8211;<\/td>\n<td class='row-Emisions-GEI'>&#8211;<\/td>\n<td class='row-Impost-abocador'>&#8211;<\/td>\n<td class='row-Import-taxa'>61,63\u20ac<\/td>\n<td class='row-Ranking-en-import-de-la-taxa'>23<\/td>\n<\/tr>\n<tr class='datos'>\n<td>2021<\/td>\n<td class='row-Costos-taxa'>&#8211;<\/td>\n<td class='row-Emisions-GEI'>&#8211;<\/td>\n<td class='row-Impost-abocador'>&#8211;<\/td>\n<td class='row-Import-taxa'>66,23\u20ac<\/td>\n<td class='row-Ranking-en-import-de-la-taxa'>21<\/td>\n<\/tr>\n<tr class='datos'>\n<td>2022<\/td>\n<td class='row-Costos-taxa'>&#8211;<\/td>\n<td class='row-Emisions-GEI'>&#8211;<\/td>\n<td class='row-Impost-abocador'>&#8211;<\/td>\n<td class='row-Import-taxa'>69,73\u20ac<\/td>\n<td class='row-Ranking-en-import-de-la-taxa'>26<\/td>\n<\/tr>\n<tr class='datos'>\n<td>2023<\/td>\n<td class='row-Costos-taxa'>&#8211;<\/td>\n<td class='row-Emisions-GEI'>&#8211;<\/td>\n<td class='row-Impost-abocador'>&#8211;<\/td>\n<td class='row-Import-taxa'>72,83\u20ac<\/td>\n<td class='row-Ranking-en-import-de-la-taxa'>21<\/td>\n<\/tr>\n<tr class='datos'>\n<td>2024<\/td>\n<td class='row-Costos-taxa'>&#8211;<\/td>\n<td class='row-Emisions-GEI'>&#8211;<\/td>\n<td class='row-Impost-abocador'>&#8211;<\/td>\n<td class='row-Import-taxa'>72,86\u20ac<\/td>\n<td class='row-Ranking-en-import-de-la-taxa'>21<\/td>\n<\/tr>\n<tr class='datos'>\n<td>2025<\/td>\n<td class='row-Costos-taxa'>79,48\u20ac<\/td>\n<td class='row-Emisions-GEI'>2,84\u20ac<\/td>\n<td class='row-Impost-abocador'>7,67\u20ac<\/td>\n<td class='row-Import-taxa'>89,99\u20ac<\/td>\n<td class='row-Ranking-en-import-de-la-taxa'>27<\/td>\n<\/tr>\n<\/tbody>\n<\/table>\n<table class=\"table3\">\n<thead>\n<tr class=\"destacados\">\n<th><img class='alineadoTextoImagenCentro' src='\/wp-content\/uploads\/2017\/03\/no-seleccionada-4.png' width='30' height='30' border='0' \/>RUM<\/th>\n<th class='row-RUM'>Toneladas de residuos<\/th>\n<th class='row-Ranking-en-la-producci\u00f3-de-residus-per-habitant'>Ranking en la producci\u00f3n de residuos por habitante<\/th>\n<th class='row-Residus-per-habitant-(kg)'>Kg de residuos por habitante<\/th>\n<th class='row-Kg-de-residus-per-habitant-respecte-a-la-comarca'>Kg de residuos por habitante respecto a la comarca<\/th>\n<th class='row-Kg-de-residus-per-habitant-respecte-al-Consorci-V5'>Kg de residuos por habitante respecto al COR<\/th>\n<\/tr>\n<\/thead>\n<tbody>\n<tr class='datos'>\n<td>2015<\/td>\n<td class='row-RUM'>722,96<\/td>\n<td class='row-Ranking-en-la-producci\u00f3-de-residus-per-habitant'>&#8211;<\/td>\n<td class='row-Residus-per-habitant-(kg)'>300,98<\/td>\n<td class='row-Kg-de-residus-per-habitant-respecte-a-la-comarca'>&#8211;<\/td>\n<td class='row-Kg-de-residus-per-habitant-respecte-al-Consorci-V5'>-72,48<\/td>\n<\/tr>\n<tr class='datos'>\n<td>2016<\/td>\n<td class='row-RUM'>798,76<\/td>\n<td class='row-Ranking-en-la-producci\u00f3-de-residus-per-habitant'>49<\/td>\n<td class='row-Residus-per-habitant-(kg)'>333,51<\/td>\n<td class='row-Kg-de-residus-per-habitant-respecte-a-la-comarca'>23,97<\/td>\n<td class='row-Kg-de-residus-per-habitant-respecte-al-Consorci-V5'>-41,25<\/td>\n<\/tr>\n<tr class='datos'>\n<td>2017<\/td>\n<td class='row-RUM'>779,17<\/td>\n<td class='row-Ranking-en-la-producci\u00f3-de-residus-per-habitant'>34<\/td>\n<td class='row-Residus-per-habitant-(kg)'>326,42<\/td>\n<td class='row-Kg-de-residus-per-habitant-respecte-a-la-comarca'>7,34<\/td>\n<td class='row-Kg-de-residus-per-habitant-respecte-al-Consorci-V5'>-60,16<\/td>\n<\/tr>\n<tr class='datos'>\n<td>2018<\/td>\n<td class='row-RUM'>759,16<\/td>\n<td class='row-Ranking-en-la-producci\u00f3-de-residus-per-habitant'>21<\/td>\n<td class='row-Residus-per-habitant-(kg)'>314,61<\/td>\n<td class='row-Kg-de-residus-per-habitant-respecte-a-la-comarca'>-2,99<\/td>\n<td class='row-Kg-de-residus-per-habitant-respecte-al-Consorci-V5'>-69,16<\/td>\n<\/tr>\n<tr class='datos'>\n<td>2019<\/td>\n<td class='row-RUM'>791,89<\/td>\n<td class='row-Ranking-en-la-producci\u00f3-de-residus-per-habitant'>48<\/td>\n<td class='row-Residus-per-habitant-(kg)'>328,18<\/td>\n<td class='row-Kg-de-residus-per-habitant-respecte-a-la-comarca'>10,28<\/td>\n<td class='row-Kg-de-residus-per-habitant-respecte-al-Consorci-V5'>-56,00<\/td>\n<\/tr>\n<tr class='datos'>\n<td>2020<\/td>\n<td class='row-RUM'>765,15<\/td>\n<td class='row-Ranking-en-la-producci\u00f3-de-residus-per-habitant'>37<\/td>\n<td class='row-Residus-per-habitant-(kg)'>320,41<\/td>\n<td class='row-Kg-de-residus-per-habitant-respecte-a-la-comarca'>-5,81<\/td>\n<td class='row-Kg-de-residus-per-habitant-respecte-al-Consorci-V5'>-51,05<\/td>\n<\/tr>\n<tr class='datos'>\n<td>2021<\/td>\n<td class='row-RUM'>803,15<\/td>\n<td class='row-Ranking-en-la-producci\u00f3-de-residus-per-habitant'>53<\/td>\n<td class='row-Residus-per-habitant-(kg)'>339,02<\/td>\n<td class='row-Kg-de-residus-per-habitant-respecte-a-la-comarca'>16,02<\/td>\n<td class='row-Kg-de-residus-per-habitant-respecte-al-Consorci-V5'>-40,84<\/td>\n<\/tr>\n<tr class='datos'>\n<td>2022<\/td>\n<td class='row-RUM'>744,82<\/td>\n<td class='row-Ranking-en-la-producci\u00f3-de-residus-per-habitant'>23<\/td>\n<td class='row-Residus-per-habitant-(kg)'>315,47<\/td>\n<td class='row-Kg-de-residus-per-habitant-respecte-a-la-comarca'>-5,95<\/td>\n<td class='row-Kg-de-residus-per-habitant-respecte-al-Consorci-V5'>-61,71<\/td>\n<\/tr>\n<tr class='datos'>\n<td>2023<\/td>\n<td class='row-RUM'>725,59<\/td>\n<td class='row-Ranking-en-la-producci\u00f3-de-residus-per-habitant'>36<\/td>\n<td class='row-Residus-per-habitant-(kg)'>302,33<\/td>\n<td class='row-Kg-de-residus-per-habitant-respecte-a-la-comarca'>1,17<\/td>\n<td class='row-Kg-de-residus-per-habitant-respecte-al-Consorci-V5'>-57,46<\/td>\n<\/tr>\n<tr class='datos'>\n<td>2024<\/td>\n<td class='row-RUM'>764,74<\/td>\n<td class='row-Ranking-en-la-producci\u00f3-de-residus-per-habitant'>51<\/td>\n<td class='row-Residus-per-habitant-(kg)'>316,53<\/td>\n<td class='row-Kg-de-residus-per-habitant-respecte-a-la-comarca'>-50,91<\/td>\n<td class='row-Kg-de-residus-per-habitant-respecte-al-Consorci-V5'>-44,43<\/td>\n<\/tr>\n<tr class='datos'>\n<td>2025<\/td>\n<td class='row-RUM'>&#8211;<\/td>\n<td class='row-Ranking-en-la-producci\u00f3-de-residus-per-habitant'>&#8211;<\/td>\n<td class='row-Residus-per-habitant-(kg)'>&#8211;<\/td>\n<td class='row-Kg-de-residus-per-habitant-respecte-a-la-comarca'>&#8211;<\/td>\n<td class='row-Kg-de-residus-per-habitant-respecte-al-Consorci-V5'>&#8211;<\/td>\n<\/tr>\n<\/tbody>\n<\/table>\n<table class=\"table1\">\n<thead>\n<tr class=\"destacados\">\n<th><img class='alineadoTextoImagenCentro' src='\/wp-content\/uploads\/2017\/03\/verd-4.png' width='30' height='30' border='0' \/>Cristal<\/th>\n<th class='row-Kg-de-recollida-selectiva-de-vidre'>Kg de recogida selectiva<\/th>\n<th class='row-R\u00e0nking-en-la-recollida-selectiva-de-vidre-per-habitant'>Ranking en la recogida por habitante<\/th>\n<th class='row-Kg-de-recollida-selectiva-de-vidre-per-habitant'>Kg de recogida selectiva por habitante<\/th>\n<th class='row-Kg-de-recollida-selectiva-de-vidre-per-habitant-respecte-a-la-comarca'>Kg de recogida selectiva respeto a la comarca<\/th>\n<th class='row-Kg-de-recollida-selectiva-de-vidre-per-habitant-respecte-al-Consorci-V5'>Kg de recogida selectiva respecto al COR<\/th>\n<\/tr>\n<\/thead>\n<tbody>\n<tr class='datos'>\n<td>2015<\/td>\n<td class='row-Kg-de-recollida-selectiva-de-vidre'>47.842,00<\/td>\n<td class='row-R\u00e0nking-en-la-recollida-selectiva-de-vidre-per-habitant'>38<\/td>\n<td class='row-Kg-de-recollida-selectiva-de-vidre-per-habitant'>19,92<\/td>\n<td class='row-Kg-de-recollida-selectiva-de-vidre-per-habitant-respecte-a-la-comarca'>-2,46<\/td>\n<td class='row-Kg-de-recollida-selectiva-de-vidre-per-habitant-respecte-al-Consorci-V5'>1,29<\/td>\n<\/tr>\n<tr class='datos'>\n<td>2016<\/td>\n<td class='row-Kg-de-recollida-selectiva-de-vidre'>47.925,00<\/td>\n<td class='row-R\u00e0nking-en-la-recollida-selectiva-de-vidre-per-habitant'>49<\/td>\n<td class='row-Kg-de-recollida-selectiva-de-vidre-per-habitant'>20,01<\/td>\n<td class='row-Kg-de-recollida-selectiva-de-vidre-per-habitant-respecte-a-la-comarca'>-2,71<\/td>\n<td class='row-Kg-de-recollida-selectiva-de-vidre-per-habitant-respecte-al-Consorci-V5'>1,27<\/td>\n<\/tr>\n<tr class='datos'>\n<td>2017<\/td>\n<td class='row-Kg-de-recollida-selectiva-de-vidre'>47.088,00<\/td>\n<td class='row-R\u00e0nking-en-la-recollida-selectiva-de-vidre-per-habitant'>49<\/td>\n<td class='row-Kg-de-recollida-selectiva-de-vidre-per-habitant'>19,73<\/td>\n<td class='row-Kg-de-recollida-selectiva-de-vidre-per-habitant-respecte-a-la-comarca'>-3,04<\/td>\n<td class='row-Kg-de-recollida-selectiva-de-vidre-per-habitant-respecte-al-Consorci-V5'>0,63<\/td>\n<\/tr>\n<tr class='datos'>\n<td>2018<\/td>\n<td class='row-Kg-de-recollida-selectiva-de-vidre'>47.957,00<\/td>\n<td class='row-R\u00e0nking-en-la-recollida-selectiva-de-vidre-per-habitant'>51<\/td>\n<td class='row-Kg-de-recollida-selectiva-de-vidre-per-habitant'>19,87<\/td>\n<td class='row-Kg-de-recollida-selectiva-de-vidre-per-habitant-respecte-a-la-comarca'>-3,38<\/td>\n<td class='row-Kg-de-recollida-selectiva-de-vidre-per-habitant-respecte-al-Consorci-V5'>0,25<\/td>\n<\/tr>\n<tr class='datos'>\n<td>2019<\/td>\n<td class='row-Kg-de-recollida-selectiva-de-vidre'>48.532,00<\/td>\n<td class='row-R\u00e0nking-en-la-recollida-selectiva-de-vidre-per-habitant'>56<\/td>\n<td class='row-Kg-de-recollida-selectiva-de-vidre-per-habitant'>20,11<\/td>\n<td class='row-Kg-de-recollida-selectiva-de-vidre-per-habitant-respecte-a-la-comarca'>-3,82<\/td>\n<td class='row-Kg-de-recollida-selectiva-de-vidre-per-habitant-respecte-al-Consorci-V5'>-0,45<\/td>\n<\/tr>\n<tr class='datos'>\n<td>2020<\/td>\n<td class='row-Kg-de-recollida-selectiva-de-vidre'>46.737,00<\/td>\n<td class='row-R\u00e0nking-en-la-recollida-selectiva-de-vidre-per-habitant'>42<\/td>\n<td class='row-Kg-de-recollida-selectiva-de-vidre-per-habitant'>19,57<\/td>\n<td class='row-Kg-de-recollida-selectiva-de-vidre-per-habitant-respecte-a-la-comarca'>-0,68<\/td>\n<td class='row-Kg-de-recollida-selectiva-de-vidre-per-habitant-respecte-al-Consorci-V5'>1,76<\/td>\n<\/tr>\n<tr class='datos'>\n<td>2021<\/td>\n<td class='row-Kg-de-recollida-selectiva-de-vidre'>37.300,00<\/td>\n<td class='row-R\u00e0nking-en-la-recollida-selectiva-de-vidre-per-habitant'>55<\/td>\n<td class='row-Kg-de-recollida-selectiva-de-vidre-per-habitant'>15,75<\/td>\n<td class='row-Kg-de-recollida-selectiva-de-vidre-per-habitant-respecte-a-la-comarca'>-2,92<\/td>\n<td class='row-Kg-de-recollida-selectiva-de-vidre-per-habitant-respecte-al-Consorci-V5'>-1,59<\/td>\n<\/tr>\n<tr class='datos'>\n<td>2022<\/td>\n<td class='row-Kg-de-recollida-selectiva-de-vidre'>33.880,00<\/td>\n<td class='row-R\u00e0nking-en-la-recollida-selectiva-de-vidre-per-habitant'>73<\/td>\n<td class='row-Kg-de-recollida-selectiva-de-vidre-per-habitant'>14,35<\/td>\n<td class='row-Kg-de-recollida-selectiva-de-vidre-per-habitant-respecte-a-la-comarca'>-4,70<\/td>\n<td class='row-Kg-de-recollida-selectiva-de-vidre-per-habitant-respecte-al-Consorci-V5'>-3,33<\/td>\n<\/tr>\n<tr class='datos'>\n<td>2023<\/td>\n<td class='row-Kg-de-recollida-selectiva-de-vidre'>36.680,00<\/td>\n<td class='row-R\u00e0nking-en-la-recollida-selectiva-de-vidre-per-habitant'>60<\/td>\n<td class='row-Kg-de-recollida-selectiva-de-vidre-per-habitant'>15,28<\/td>\n<td class='row-Kg-de-recollida-selectiva-de-vidre-per-habitant-respecte-a-la-comarca'>-3,02<\/td>\n<td class='row-Kg-de-recollida-selectiva-de-vidre-per-habitant-respecte-al-Consorci-V5'>-1,44<\/td>\n<\/tr>\n<tr class='datos'>\n<td>2024<\/td>\n<td class='row-Kg-de-recollida-selectiva-de-vidre'>32.900,00<\/td>\n<td class='row-R\u00e0nking-en-la-recollida-selectiva-de-vidre-per-habitant'>64<\/td>\n<td class='row-Kg-de-recollida-selectiva-de-vidre-per-habitant'>13,62<\/td>\n<td class='row-Kg-de-recollida-selectiva-de-vidre-per-habitant-respecte-a-la-comarca'>-1,11<\/td>\n<td class='row-Kg-de-recollida-selectiva-de-vidre-per-habitant-respecte-al-Consorci-V5'>-2,32<\/td>\n<\/tr>\n<tr class='datos'>\n<td>2025<\/td>\n<td class='row-Kg-de-recollida-selectiva-de-vidre'>&#8211;<\/td>\n<td class='row-R\u00e0nking-en-la-recollida-selectiva-de-vidre-per-habitant'>&#8211;<\/td>\n<td class='row-Kg-de-recollida-selectiva-de-vidre-per-habitant'>&#8211;<\/td>\n<td class='row-Kg-de-recollida-selectiva-de-vidre-per-habitant-respecte-a-la-comarca'>&#8211;<\/td>\n<td class='row-Kg-de-recollida-selectiva-de-vidre-per-habitant-respecte-al-Consorci-V5'>&#8211;<\/td>\n<\/tr>\n<\/tbody>\n<\/table>\n<table class=\"table4\">\n<thead>\n<tr class=\"destacados\">\n<th><img class='alineadoTextoImagenCentro' src='\/wp-content\/uploads\/2017\/03\/groc-4.png' width='30' height='30' border='0' \/>Envases ligeros y pl\u00e1sticos<\/th>\n<th class='row-Kg-de-recollida-selectiva-d'envasos'>Kg de recogida selectiva<\/th>\n<th class='row-R\u00e0nking-en-la-recollida-selectiva-d'envasos-per-habitant'>Ranking en la recogida selectiva por habitante<\/th>\n<th class='row-Kg-de-recollida-selectiva-d'envasos-per-habitant'>Kg de recogida selectiva por habitante<\/th>\n<th class='row-Kg-de-recollida-selectiva-d'envasos-per-habitant-respecte-a-la-comarca'>Kg de recogida selectiva respecto a la comarca<\/th>\n<th class='row-Kg-de-recollida-selectiva-d'envasos-per-habitant-respecte-al-Consorci-V5'>Kg de recogida selectiva respecto al COR<\/th>\n<\/tr>\n<\/thead>\n<tbody>\n<tr class='datos'>\n<td>2015<\/td>\n<td class='row-Kg-de-recollida-selectiva-d'envasos'>&#8211;<\/td>\n<td class='row-R\u00e0nking-en-la-recollida-selectiva-d'envasos-per-habitant'>55<\/td>\n<td class='row-Kg-de-recollida-selectiva-d'envasos-per-habitant'>&#8211;<\/td>\n<td class='row-Kg-de-recollida-selectiva-d'envasos-per-habitant-respecte-a-la-comarca'>-0,30<\/td>\n<td class='row-Kg-de-recollida-selectiva-d'envasos-per-habitant-respecte-al-Consorci-V5'>-6,01<\/td>\n<\/tr>\n<tr class='datos'>\n<td>2016<\/td>\n<td class='row-Kg-de-recollida-selectiva-d'envasos'>17.301,00<\/td>\n<td class='row-R\u00e0nking-en-la-recollida-selectiva-d'envasos-per-habitant'>24<\/td>\n<td class='row-Kg-de-recollida-selectiva-d'envasos-per-habitant'>7,22<\/td>\n<td class='row-Kg-de-recollida-selectiva-d'envasos-per-habitant-respecte-a-la-comarca'>6,99<\/td>\n<td class='row-Kg-de-recollida-selectiva-d'envasos-per-habitant-respecte-al-Consorci-V5'>4,47<\/td>\n<\/tr>\n<tr class='datos'>\n<td>2017<\/td>\n<td class='row-Kg-de-recollida-selectiva-d'envasos'>25.132,00<\/td>\n<td class='row-R\u00e0nking-en-la-recollida-selectiva-d'envasos-per-habitant'>31<\/td>\n<td class='row-Kg-de-recollida-selectiva-d'envasos-per-habitant'>10,53<\/td>\n<td class='row-Kg-de-recollida-selectiva-d'envasos-per-habitant-respecte-a-la-comarca'>3,14<\/td>\n<td class='row-Kg-de-recollida-selectiva-d'envasos-per-habitant-respecte-al-Consorci-V5'>0,27<\/td>\n<\/tr>\n<tr class='datos'>\n<td>2018<\/td>\n<td class='row-Kg-de-recollida-selectiva-d'envasos'>17.320,00<\/td>\n<td class='row-R\u00e0nking-en-la-recollida-selectiva-d'envasos-per-habitant'>84<\/td>\n<td class='row-Kg-de-recollida-selectiva-d'envasos-per-habitant'>7,18<\/td>\n<td class='row-Kg-de-recollida-selectiva-d'envasos-per-habitant-respecte-a-la-comarca'>-3,82<\/td>\n<td class='row-Kg-de-recollida-selectiva-d'envasos-per-habitant-respecte-al-Consorci-V5'>-4,84<\/td>\n<\/tr>\n<tr class='datos'>\n<td>2019<\/td>\n<td class='row-Kg-de-recollida-selectiva-d'envasos'>21.717,00<\/td>\n<td class='row-R\u00e0nking-en-la-recollida-selectiva-d'envasos-per-habitant'>64<\/td>\n<td class='row-Kg-de-recollida-selectiva-d'envasos-per-habitant'>9,01<\/td>\n<td class='row-Kg-de-recollida-selectiva-d'envasos-per-habitant-respecte-a-la-comarca'>-3,17<\/td>\n<td class='row-Kg-de-recollida-selectiva-d'envasos-per-habitant-respecte-al-Consorci-V5'>-3,17<\/td>\n<\/tr>\n<tr class='datos'>\n<td>2020<\/td>\n<td class='row-Kg-de-recollida-selectiva-d'envasos'>25.064,00<\/td>\n<td class='row-R\u00e0nking-en-la-recollida-selectiva-d'envasos-per-habitant'>71<\/td>\n<td class='row-Kg-de-recollida-selectiva-d'envasos-per-habitant'>10,50<\/td>\n<td class='row-Kg-de-recollida-selectiva-d'envasos-per-habitant-respecte-a-la-comarca'>-2,98<\/td>\n<td class='row-Kg-de-recollida-selectiva-d'envasos-per-habitant-respecte-al-Consorci-V5'>-4,19<\/td>\n<\/tr>\n<tr class='datos'>\n<td>2021<\/td>\n<td class='row-Kg-de-recollida-selectiva-d'envasos'>21.253,00<\/td>\n<td class='row-R\u00e0nking-en-la-recollida-selectiva-d'envasos-per-habitant'>67<\/td>\n<td class='row-Kg-de-recollida-selectiva-d'envasos-per-habitant'>8,97<\/td>\n<td class='row-Kg-de-recollida-selectiva-d'envasos-per-habitant-respecte-a-la-comarca'>-4,85<\/td>\n<td class='row-Kg-de-recollida-selectiva-d'envasos-per-habitant-respecte-al-Consorci-V5'>-6,09<\/td>\n<\/tr>\n<tr class='datos'>\n<td>2022<\/td>\n<td class='row-Kg-de-recollida-selectiva-d'envasos'>24.646,00<\/td>\n<td class='row-R\u00e0nking-en-la-recollida-selectiva-d'envasos-per-habitant'>74<\/td>\n<td class='row-Kg-de-recollida-selectiva-d'envasos-per-habitant'>10,44<\/td>\n<td class='row-Kg-de-recollida-selectiva-d'envasos-per-habitant-respecte-a-la-comarca'>-8,16<\/td>\n<td class='row-Kg-de-recollida-selectiva-d'envasos-per-habitant-respecte-al-Consorci-V5'>-5,05<\/td>\n<\/tr>\n<tr class='datos'>\n<td>2023<\/td>\n<td class='row-Kg-de-recollida-selectiva-d'envasos'>22.080,00<\/td>\n<td class='row-R\u00e0nking-en-la-recollida-selectiva-d'envasos-per-habitant'>77<\/td>\n<td class='row-Kg-de-recollida-selectiva-d'envasos-per-habitant'>9,20<\/td>\n<td class='row-Kg-de-recollida-selectiva-d'envasos-per-habitant-respecte-a-la-comarca'>-4,19<\/td>\n<td class='row-Kg-de-recollida-selectiva-d'envasos-per-habitant-respecte-al-Consorci-V5'>-6,48<\/td>\n<\/tr>\n<tr class='datos'>\n<td>2024<\/td>\n<td class='row-Kg-de-recollida-selectiva-d'envasos'>23.280,00<\/td>\n<td class='row-R\u00e0nking-en-la-recollida-selectiva-d'envasos-per-habitant'>83<\/td>\n<td class='row-Kg-de-recollida-selectiva-d'envasos-per-habitant'>9,64<\/td>\n<td class='row-Kg-de-recollida-selectiva-d'envasos-per-habitant-respecte-a-la-comarca'>-4,70<\/td>\n<td class='row-Kg-de-recollida-selectiva-d'envasos-per-habitant-respecte-al-Consorci-V5'>-6,08<\/td>\n<\/tr>\n<tr class='datos'>\n<td>2025<\/td>\n<td class='row-Kg-de-recollida-selectiva-d'envasos'>&#8211;<\/td>\n<td class='row-R\u00e0nking-en-la-recollida-selectiva-d'envasos-per-habitant'>&#8211;<\/td>\n<td class='row-Kg-de-recollida-selectiva-d'envasos-per-habitant'>&#8211;<\/td>\n<td class='row-Kg-de-recollida-selectiva-d'envasos-per-habitant-respecte-a-la-comarca'>&#8211;<\/td>\n<td class='row-Kg-de-recollida-selectiva-d'envasos-per-habitant-respecte-al-Consorci-V5'>&#8211;<\/td>\n<\/tr>\n<\/tbody>\n<\/table>\n<table class=\"table5\">\n<thead>\n<tr class=\"destacados\">\n<th><img class='alineadoTextoImagenCentro' src='\/wp-content\/uploads\/2017\/03\/blau-4.png' width='30' height='30' border='0' \/>Papel y cart\u00f3n<\/th>\n<th class='row-Kg-de-recollida-selectiva-de-paper'>Kg de recogida selectiva<\/th>\n<th class='row-R\u00e0nking-en-la-recollida-selectiva-d'envasos-per-habitant'>Ranking en la recogida selectiva por habitante<\/th>\n<th class='row-Kg-de-recollida-selectiva-de-paper-per-habitant'>Kg de recogida selectiva por habitante<\/th>\n<th class='row-Kg-de-recollida-selectiva-de-paper-per-habitant-respecte-a-la-comarca'>Kg de recogida selectiva respecto a la comarca<\/th>\n<th class='row-Kg-de-recollida-selectiva-de-paper-per-habitant-respecte-al-Consorci-V5'>Kg de recogida selectiva respecto al COR<\/th>\n<\/tr>\n<\/thead>\n<tbody>\n<tr class='datos'>\n<td>2015<\/td>\n<td class='row-Kg-de-recollida-selectiva-de-paper'>&#8211;<\/td>\n<td class='row-R\u00e0nking-en-la-recollida-selectiva-d'envasos-per-habitant'>55<\/td>\n<td class='row-Kg-de-recollida-selectiva-de-paper-per-habitant'>&#8211;<\/td>\n<td class='row-Kg-de-recollida-selectiva-de-paper-per-habitant-respecte-a-la-comarca'>-1,06<\/td>\n<td class='row-Kg-de-recollida-selectiva-de-paper-per-habitant-respecte-al-Consorci-V5'>-15,60<\/td>\n<\/tr>\n<tr class='datos'>\n<td>2016<\/td>\n<td class='row-Kg-de-recollida-selectiva-de-paper'>18.623,00<\/td>\n<td class='row-R\u00e0nking-en-la-recollida-selectiva-d'envasos-per-habitant'>24<\/td>\n<td class='row-Kg-de-recollida-selectiva-de-paper-per-habitant'>7,78<\/td>\n<td class='row-Kg-de-recollida-selectiva-de-paper-per-habitant-respecte-a-la-comarca'>7,78<\/td>\n<td class='row-Kg-de-recollida-selectiva-de-paper-per-habitant-respecte-al-Consorci-V5'>4,95<\/td>\n<\/tr>\n<tr class='datos'>\n<td>2017<\/td>\n<td class='row-Kg-de-recollida-selectiva-de-paper'>24.894,00<\/td>\n<td class='row-R\u00e0nking-en-la-recollida-selectiva-d'envasos-per-habitant'>31<\/td>\n<td class='row-Kg-de-recollida-selectiva-de-paper-per-habitant'>10,43<\/td>\n<td class='row-Kg-de-recollida-selectiva-de-paper-per-habitant-respecte-a-la-comarca'>2,41<\/td>\n<td class='row-Kg-de-recollida-selectiva-de-paper-per-habitant-respecte-al-Consorci-V5'>-11,18<\/td>\n<\/tr>\n<tr class='datos'>\n<td>2018<\/td>\n<td class='row-Kg-de-recollida-selectiva-de-paper'>20.811,00<\/td>\n<td class='row-R\u00e0nking-en-la-recollida-selectiva-d'envasos-per-habitant'>84<\/td>\n<td class='row-Kg-de-recollida-selectiva-de-paper-per-habitant'>9,00<\/td>\n<td class='row-Kg-de-recollida-selectiva-de-paper-per-habitant-respecte-a-la-comarca'>-2,25<\/td>\n<td class='row-Kg-de-recollida-selectiva-de-paper-per-habitant-respecte-al-Consorci-V5'>-11,74<\/td>\n<\/tr>\n<tr class='datos'>\n<td>2019<\/td>\n<td class='row-Kg-de-recollida-selectiva-de-paper'>26.543,00<\/td>\n<td class='row-R\u00e0nking-en-la-recollida-selectiva-d'envasos-per-habitant'>64<\/td>\n<td class='row-Kg-de-recollida-selectiva-de-paper-per-habitant'>11,00<\/td>\n<td class='row-Kg-de-recollida-selectiva-de-paper-per-habitant-respecte-a-la-comarca'>-0,80<\/td>\n<td class='row-Kg-de-recollida-selectiva-de-paper-per-habitant-respecte-al-Consorci-V5'>-0,80<\/td>\n<\/tr>\n<tr class='datos'>\n<td>2020<\/td>\n<td class='row-Kg-de-recollida-selectiva-de-paper'>27.700,80<\/td>\n<td class='row-R\u00e0nking-en-la-recollida-selectiva-d'envasos-per-habitant'>71<\/td>\n<td class='row-Kg-de-recollida-selectiva-de-paper-per-habitant'>11,60<\/td>\n<td class='row-Kg-de-recollida-selectiva-de-paper-per-habitant-respecte-a-la-comarca'>-2,26<\/td>\n<td class='row-Kg-de-recollida-selectiva-de-paper-per-habitant-respecte-al-Consorci-V5'>-9,77<\/td>\n<\/tr>\n<tr class='datos'>\n<td>2021<\/td>\n<td class='row-Kg-de-recollida-selectiva-de-paper'>25.074,00<\/td>\n<td class='row-R\u00e0nking-en-la-recollida-selectiva-d'envasos-per-habitant'>67<\/td>\n<td class='row-Kg-de-recollida-selectiva-de-paper-per-habitant'>10,58<\/td>\n<td class='row-Kg-de-recollida-selectiva-de-paper-per-habitant-respecte-a-la-comarca'>-23,08<\/td>\n<td class='row-Kg-de-recollida-selectiva-de-paper-per-habitant-respecte-al-Consorci-V5'>-11,09<\/td>\n<\/tr>\n<tr class='datos'>\n<td>2022<\/td>\n<td class='row-Kg-de-recollida-selectiva-de-paper'>23.346,00<\/td>\n<td class='row-R\u00e0nking-en-la-recollida-selectiva-d'envasos-per-habitant'>74<\/td>\n<td class='row-Kg-de-recollida-selectiva-de-paper-per-habitant'>9,89<\/td>\n<td class='row-Kg-de-recollida-selectiva-de-paper-per-habitant-respecte-a-la-comarca'>-2,86<\/td>\n<td class='row-Kg-de-recollida-selectiva-de-paper-per-habitant-respecte-al-Consorci-V5'>-12,36<\/td>\n<\/tr>\n<tr class='datos'>\n<td>2023<\/td>\n<td class='row-Kg-de-recollida-selectiva-de-paper'>24.480,00<\/td>\n<td class='row-R\u00e0nking-en-la-recollida-selectiva-d'envasos-per-habitant'>77<\/td>\n<td class='row-Kg-de-recollida-selectiva-de-paper-per-habitant'>10,20<\/td>\n<td class='row-Kg-de-recollida-selectiva-de-paper-per-habitant-respecte-a-la-comarca'>-2,46<\/td>\n<td class='row-Kg-de-recollida-selectiva-de-paper-per-habitant-respecte-al-Consorci-V5'>-14,09<\/td>\n<\/tr>\n<tr class='datos'>\n<td>2024<\/td>\n<td class='row-Kg-de-recollida-selectiva-de-paper'>21.360,00<\/td>\n<td class='row-R\u00e0nking-en-la-recollida-selectiva-d'envasos-per-habitant'>83<\/td>\n<td class='row-Kg-de-recollida-selectiva-de-paper-per-habitant'>8,84<\/td>\n<td class='row-Kg-de-recollida-selectiva-de-paper-per-habitant-respecte-a-la-comarca'>-7,05<\/td>\n<td class='row-Kg-de-recollida-selectiva-de-paper-per-habitant-respecte-al-Consorci-V5'>-12,56<\/td>\n<\/tr>\n<tr class='datos'>\n<td>2025<\/td>\n<td class='row-Kg-de-recollida-selectiva-de-paper'>&#8211;<\/td>\n<td class='row-R\u00e0nking-en-la-recollida-selectiva-d'envasos-per-habitant'>&#8211;<\/td>\n<td class='row-Kg-de-recollida-selectiva-de-paper-per-habitant'>&#8211;<\/td>\n<td class='row-Kg-de-recollida-selectiva-de-paper-per-habitant-respecte-a-la-comarca'>&#8211;<\/td>\n<td class='row-Kg-de-recollida-selectiva-de-paper-per-habitant-respecte-al-Consorci-V5'>&#8211;<\/td>\n<\/tr>\n<\/tbody>\n<\/table>\n<table class=\"table3\">\n<thead>\n<tr class=\"destacados\">\n<th>FORS<\/th>\n<th class='row-Fors-illes'>Toneladas FORS islas<\/th>\n<th class='row-Fors-planta'>Toneladas FORS en planta<\/th>\n<\/tr>\n<\/thead>\n<tbody>\n<tr class='datos'>\n<td>2015<\/td>\n<td class='row-Fors-illes'>&#8211;<\/td>\n<td class='row-Fors-planta'>&#8211;<\/td>\n<\/tr>\n<tr class='datos'>\n<td>2016<\/td>\n<td class='row-Fors-illes'>&#8211;<\/td>\n<td class='row-Fors-planta'>&#8211;<\/td>\n<\/tr>\n<tr class='datos'>\n<td>2017<\/td>\n<td class='row-Fors-illes'>&#8211;<\/td>\n<td class='row-Fors-planta'>&#8211;<\/td>\n<\/tr>\n<tr class='datos'>\n<td>2018<\/td>\n<td class='row-Fors-illes'>&#8211;<\/td>\n<td class='row-Fors-planta'>&#8211;<\/td>\n<\/tr>\n<tr class='datos'>\n<td>2019<\/td>\n<td class='row-Fors-illes'>&#8211;<\/td>\n<td class='row-Fors-planta'>&#8211;<\/td>\n<\/tr>\n<tr class='datos'>\n<td>2020<\/td>\n<td class='row-Fors-illes'>&#8211;<\/td>\n<td class='row-Fors-planta'>&#8211;<\/td>\n<\/tr>\n<tr class='datos'>\n<td>2021<\/td>\n<td class='row-Fors-illes'>&#8211;<\/td>\n<td class='row-Fors-planta'>&#8211;<\/td>\n<\/tr>\n<tr class='datos'>\n<td>2022<\/td>\n<td class='row-Fors-illes'>&#8211;<\/td>\n<td class='row-Fors-planta'>&#8211;<\/td>\n<\/tr>\n<tr class='datos'>\n<td>2023<\/td>\n<td class='row-Fors-illes'>&#8211;<\/td>\n<td class='row-Fors-planta'>&#8211;<\/td>\n<\/tr>\n<tr class='datos'>\n<td>2024<\/td>\n<td class='row-Fors-illes'>&#8211;<\/td>\n<td class='row-Fors-planta'>&#8211;<\/td>\n<\/tr>\n<tr class='datos'>\n<td>2025<\/td>\n<td class='row-Fors-illes'>&#8211;<\/td>\n<td class='row-Fors-planta'>&#8211;<\/td>\n<\/tr>\n<\/tbody>\n<\/table>\n<div style=\"clear:both;\"><\/div>","protected":false},"excerpt":{"rendered":"<p>Agullent es un municipio de la comarca de La Vall d&#8217;Albaida, en la provincia de Valencia. Tiene 2.387 habitantes. <br \/>Sistema de Recogida: Recogida de 4 fracciones (papel y cart\u00f3n, pl\u00e1sticos y envases ligeros, vidrio y resto no selectivo) en contenedor<\/p>\n","protected":false},"author":1,"featured_media":13772,"comment_status":"closed","ping_status":"closed","sticky":false,"template":"","format":"standard","meta":{"footnotes":""},"categories":[81],"tags":[],"class_list":["post-14563","post","type-post","status-publish","format-standard","has-post-thumbnail","hentry","category-la-vall-dalbaida-es"],"yoast_head":"<!-- This site is optimized with the Yoast SEO plugin v26.0 - https:\/\/yoast.com\/wordpress\/plugins\/seo\/ -->\n<title>Agullent - Consorcio de Residuos V5 - COR<\/title>\n<meta name=\"robots\" content=\"index, follow, max-snippet:-1, max-image-preview:large, max-video-preview:-1\" \/>\n<link rel=\"canonical\" href=\"https:\/\/www.consorciresidus.org\/es\/agullent\/\" \/>\n<meta property=\"og:locale\" content=\"es_ES\" \/>\n<meta property=\"og:type\" content=\"article\" \/>\n<meta property=\"og:title\" content=\"Agullent - Consorcio de Residuos V5 - COR\" \/>\n<meta property=\"og:description\" content=\"Agullent es un municipio de la comarca de La Vall d&#039;Albaida, en la provincia de Valencia. Tiene 2.387 habitantes. Sistema de Recogida: Recogida de 4 fracciones (papel y cart\u00f3n, pl\u00e1sticos y envases ligeros, vidrio y resto no selectivo) en contenedor\" \/>\n<meta property=\"og:url\" content=\"https:\/\/www.consorciresidus.org\/es\/agullent\/\" \/>\n<meta property=\"og:site_name\" content=\"Consorcio de Residuos V5 - COR\" \/>\n<meta property=\"article:published_time\" content=\"2017-04-20T22:30:04+00:00\" \/>\n<meta property=\"article:modified_time\" content=\"2025-12-11T17:34:57+00:00\" \/>\n<meta property=\"og:image\" content=\"https:\/\/www.consorciresidus.org\/wp-content\/uploads\/2017\/03\/agullent.jpg\" \/>\n\t<meta property=\"og:image:width\" content=\"1600\" \/>\n\t<meta property=\"og:image:height\" content=\"500\" \/>\n\t<meta property=\"og:image:type\" content=\"image\/jpeg\" \/>\n<meta name=\"author\" content=\"Yset\" \/>\n<meta name=\"twitter:card\" content=\"summary_large_image\" \/>\n<meta name=\"twitter:label1\" content=\"Escrito por\" \/>\n\t<meta name=\"twitter:data1\" content=\"Yset\" \/>\n\t<meta name=\"twitter:label2\" content=\"Tiempo de lectura\" \/>\n\t<meta name=\"twitter:data2\" content=\"4 minutos\" \/>\n<script type=\"application\/ld+json\" class=\"yoast-schema-graph\">{\"@context\":\"https:\/\/schema.org\",\"@graph\":[{\"@type\":\"WebPage\",\"@id\":\"https:\/\/www.consorciresidus.org\/es\/agullent\/\",\"url\":\"https:\/\/www.consorciresidus.org\/es\/agullent\/\",\"name\":\"Agullent - Consorcio de Residuos V5 - COR\",\"isPartOf\":{\"@id\":\"https:\/\/www.consorciresidus.org\/#website\"},\"primaryImageOfPage\":{\"@id\":\"https:\/\/www.consorciresidus.org\/es\/agullent\/#primaryimage\"},\"image\":{\"@id\":\"https:\/\/www.consorciresidus.org\/es\/agullent\/#primaryimage\"},\"thumbnailUrl\":\"https:\/\/www.consorciresidus.org\/wp-content\/uploads\/2017\/03\/agullent.jpg\",\"datePublished\":\"2017-04-20T22:30:04+00:00\",\"dateModified\":\"2025-12-11T17:34:57+00:00\",\"author\":{\"@id\":\"https:\/\/www.consorciresidus.org\/#\/schema\/person\/3c64584408fdfd16e903e666bd655fa6\"},\"inLanguage\":\"es\",\"potentialAction\":[{\"@type\":\"ReadAction\",\"target\":[\"https:\/\/www.consorciresidus.org\/es\/agullent\/\"]}]},{\"@type\":\"ImageObject\",\"inLanguage\":\"es\",\"@id\":\"https:\/\/www.consorciresidus.org\/es\/agullent\/#primaryimage\",\"url\":\"https:\/\/www.consorciresidus.org\/wp-content\/uploads\/2017\/03\/agullent.jpg\",\"contentUrl\":\"https:\/\/www.consorciresidus.org\/wp-content\/uploads\/2017\/03\/agullent.jpg\",\"width\":1600,\"height\":500},{\"@type\":\"WebSite\",\"@id\":\"https:\/\/www.consorciresidus.org\/#website\",\"url\":\"https:\/\/www.consorciresidus.org\/\",\"name\":\"Consorcio de Residuos V5 - COR\",\"description\":\"Consorcio para la gesti\u00f3n de residuos\",\"potentialAction\":[{\"@type\":\"SearchAction\",\"target\":{\"@type\":\"EntryPoint\",\"urlTemplate\":\"https:\/\/www.consorciresidus.org\/?s={search_term_string}\"},\"query-input\":{\"@type\":\"PropertyValueSpecification\",\"valueRequired\":true,\"valueName\":\"search_term_string\"}}],\"inLanguage\":\"es\"},{\"@type\":\"Person\",\"@id\":\"https:\/\/www.consorciresidus.org\/#\/schema\/person\/3c64584408fdfd16e903e666bd655fa6\",\"name\":\"Yset\",\"image\":{\"@type\":\"ImageObject\",\"inLanguage\":\"es\",\"@id\":\"https:\/\/www.consorciresidus.org\/#\/schema\/person\/image\/\",\"url\":\"https:\/\/secure.gravatar.com\/avatar\/f4c946889a39405ca4f37786a11a9859f1168d049122f95466f838aeaa1e4327?s=96&d=mm&r=g\",\"contentUrl\":\"https:\/\/secure.gravatar.com\/avatar\/f4c946889a39405ca4f37786a11a9859f1168d049122f95466f838aeaa1e4327?s=96&d=mm&r=g\",\"caption\":\"Yset\"},\"url\":\"https:\/\/www.consorciresidus.org\/es\/author\/yset2020\/\"}]}<\/script>\n<!-- \/ Yoast SEO plugin. -->","yoast_head_json":{"title":"Agullent - Consorcio de Residuos V5 - COR","robots":{"index":"index","follow":"follow","max-snippet":"max-snippet:-1","max-image-preview":"max-image-preview:large","max-video-preview":"max-video-preview:-1"},"canonical":"https:\/\/www.consorciresidus.org\/es\/agullent\/","og_locale":"es_ES","og_type":"article","og_title":"Agullent - Consorcio de Residuos V5 - COR","og_description":"Agullent es un municipio de la comarca de La Vall d'Albaida, en la provincia de Valencia. Tiene 2.387 habitantes. Sistema de Recogida: Recogida de 4 fracciones (papel y cart\u00f3n, pl\u00e1sticos y envases ligeros, vidrio y resto no selectivo) en contenedor","og_url":"https:\/\/www.consorciresidus.org\/es\/agullent\/","og_site_name":"Consorcio de Residuos V5 - COR","article_published_time":"2017-04-20T22:30:04+00:00","article_modified_time":"2025-12-11T17:34:57+00:00","og_image":[{"width":1600,"height":500,"url":"https:\/\/www.consorciresidus.org\/wp-content\/uploads\/2017\/03\/agullent.jpg","type":"image\/jpeg"}],"author":"Yset","twitter_card":"summary_large_image","twitter_misc":{"Escrito por":"Yset","Tiempo de lectura":"4 minutos"},"schema":{"@context":"https:\/\/schema.org","@graph":[{"@type":"WebPage","@id":"https:\/\/www.consorciresidus.org\/es\/agullent\/","url":"https:\/\/www.consorciresidus.org\/es\/agullent\/","name":"Agullent - Consorcio de Residuos V5 - COR","isPartOf":{"@id":"https:\/\/www.consorciresidus.org\/#website"},"primaryImageOfPage":{"@id":"https:\/\/www.consorciresidus.org\/es\/agullent\/#primaryimage"},"image":{"@id":"https:\/\/www.consorciresidus.org\/es\/agullent\/#primaryimage"},"thumbnailUrl":"https:\/\/www.consorciresidus.org\/wp-content\/uploads\/2017\/03\/agullent.jpg","datePublished":"2017-04-20T22:30:04+00:00","dateModified":"2025-12-11T17:34:57+00:00","author":{"@id":"https:\/\/www.consorciresidus.org\/#\/schema\/person\/3c64584408fdfd16e903e666bd655fa6"},"inLanguage":"es","potentialAction":[{"@type":"ReadAction","target":["https:\/\/www.consorciresidus.org\/es\/agullent\/"]}]},{"@type":"ImageObject","inLanguage":"es","@id":"https:\/\/www.consorciresidus.org\/es\/agullent\/#primaryimage","url":"https:\/\/www.consorciresidus.org\/wp-content\/uploads\/2017\/03\/agullent.jpg","contentUrl":"https:\/\/www.consorciresidus.org\/wp-content\/uploads\/2017\/03\/agullent.jpg","width":1600,"height":500},{"@type":"WebSite","@id":"https:\/\/www.consorciresidus.org\/#website","url":"https:\/\/www.consorciresidus.org\/","name":"Consorcio de Residuos V5 - COR","description":"Consorcio para la gesti\u00f3n de residuos","potentialAction":[{"@type":"SearchAction","target":{"@type":"EntryPoint","urlTemplate":"https:\/\/www.consorciresidus.org\/?s={search_term_string}"},"query-input":{"@type":"PropertyValueSpecification","valueRequired":true,"valueName":"search_term_string"}}],"inLanguage":"es"},{"@type":"Person","@id":"https:\/\/www.consorciresidus.org\/#\/schema\/person\/3c64584408fdfd16e903e666bd655fa6","name":"Yset","image":{"@type":"ImageObject","inLanguage":"es","@id":"https:\/\/www.consorciresidus.org\/#\/schema\/person\/image\/","url":"https:\/\/secure.gravatar.com\/avatar\/f4c946889a39405ca4f37786a11a9859f1168d049122f95466f838aeaa1e4327?s=96&d=mm&r=g","contentUrl":"https:\/\/secure.gravatar.com\/avatar\/f4c946889a39405ca4f37786a11a9859f1168d049122f95466f838aeaa1e4327?s=96&d=mm&r=g","caption":"Yset"},"url":"https:\/\/www.consorciresidus.org\/es\/author\/yset2020\/"}]}},"_links":{"self":[{"href":"https:\/\/www.consorciresidus.org\/es\/wp-json\/wp\/v2\/posts\/14563","targetHints":{"allow":["GET"]}}],"collection":[{"href":"https:\/\/www.consorciresidus.org\/es\/wp-json\/wp\/v2\/posts"}],"about":[{"href":"https:\/\/www.consorciresidus.org\/es\/wp-json\/wp\/v2\/types\/post"}],"author":[{"embeddable":true,"href":"https:\/\/www.consorciresidus.org\/es\/wp-json\/wp\/v2\/users\/1"}],"replies":[{"embeddable":true,"href":"https:\/\/www.consorciresidus.org\/es\/wp-json\/wp\/v2\/comments?post=14563"}],"version-history":[{"count":38,"href":"https:\/\/www.consorciresidus.org\/es\/wp-json\/wp\/v2\/posts\/14563\/revisions"}],"predecessor-version":[{"id":28101,"href":"https:\/\/www.consorciresidus.org\/es\/wp-json\/wp\/v2\/posts\/14563\/revisions\/28101"}],"wp:featuredmedia":[{"embeddable":true,"href":"https:\/\/www.consorciresidus.org\/es\/wp-json\/wp\/v2\/media\/13772"}],"wp:attachment":[{"href":"https:\/\/www.consorciresidus.org\/es\/wp-json\/wp\/v2\/media?parent=14563"}],"wp:term":[{"taxonomy":"category","embeddable":true,"href":"https:\/\/www.consorciresidus.org\/es\/wp-json\/wp\/v2\/categories?post=14563"},{"taxonomy":"post_tag","embeddable":true,"href":"https:\/\/www.consorciresidus.org\/es\/wp-json\/wp\/v2\/tags?post=14563"}],"curies":[{"name":"wp","href":"https:\/\/api.w.org\/{rel}","templated":true}]}}