 



{"id":14583,"date":"2017-04-20T22:30:30","date_gmt":"2017-04-20T22:30:30","guid":{"rendered":"https:\/\/www.consorciresidus.org\/benifla\/"},"modified":"2025-12-11T17:35:08","modified_gmt":"2025-12-11T17:35:08","slug":"benifla","status":"publish","type":"post","link":"https:\/\/www.consorciresidus.org\/es\/benifla\/","title":{"rendered":"Benifl\u00e0"},"content":{"rendered":"<div class=\"pdfprnt-buttons\"><a href=\"https:\/\/www.consorciresidus.org\/es\/wp-json\/wp\/v2\/posts\/14583?print=pdf\" class=\"pdfprnt-button pdfprnt-button-pdf\" target=\"_blank\"><img decoding=\"async\" src=\"https:\/\/www.consorciresidus.org\/wp-content\/plugins\/pdf-print\/images\/pdf.png\" alt=\"image_pdf\" title=\"Ver PDF\" \/><span class=\"pdfprnt-button-title pdfprnt-button-pdf-title\">Descargar PDF<\/span><\/a><\/div>\n<div class=\"enlacepan\"><a href=\"https:\/\/www.consorciresidus.org\/es\/transparencia\/\">Transparencia<\/a>\u00a0\/ <a href=\"https:\/\/www.consorciresidus.org\/es\/transparencia\/datos-en-tu-poblacion\/\">Datos en tu poblaci\u00f3n<\/a>\u00a0\/ Benifl\u00e0<\/div>\n<table class=\"table2\">\n<tbody>\n<tr class=\"destacado\">\n<th>Municipio<\/th>\n<th>Comarca<\/th>\n<th>Representante del municipio al Cor<\/th>\n<\/tr>\n<tr class=\"datos\">\n<td>Benifl\u00e0<\/td>\n<td>La Safor<\/td>\n<td>ESTHER PEIR\u00d3 HUESO<\/td>\n<\/tr>\n<\/tbody>\n<\/table>\n<table class=\"table2\">\n<tbody>\n<tr class=\"destacado\">\n<th colspan='11'>N\u00famero de habitantes<\/th>\n<\/tr>\n<tr class=\"destacado\">\n<th>2015<\/th>\n<th>2016<\/th>\n<th>2017<\/th>\n<th>2018<\/th>\n<th>2019<\/th>\n<th>2020<\/th>\n<th>2021<\/th>\n<th>2022<\/th>\n<th>2023<\/th>\n<th>2024<\/th>\n<th>2025<\/th>\n<\/tr>\n<tr class=\"datos\">\n<td>453<\/td>\n<td>453<\/td>\n<td>458<\/td>\n<td>455<\/td>\n<td>457<\/td>\n<td>460<\/td>\n<td>463<\/td>\n<td>475<\/td>\n<td>484<\/td>\n<td>503<\/td>\n<td>&#8211;<\/td>\n<\/tr>\n<\/tbody>\n<\/table>\n<table class=\"table2\">\n<tbody>\n<tr class=\"destacado\">\n<th>Sistema de recogida<\/th>\n<\/tr>\n<tr class=\"datos\">\n<td>Recogida de 4 fracciones (papel y cart\u00f3n, pl\u00e1sticos y envases ligeros, vidrio y resto no selectivo) en contenedor<\/td>\n<\/tr>\n<\/tbody>\n<\/table>\n<table class=\"table2\">\n<tbody>\n<tr class=\"destacado\">\n<th>Empresa cosechadora<\/th>\n<th>Estaci\u00f3n de transferencia<\/th>\n<th>Ecoparque m\u00e1s cercano<\/th>\n<\/tr>\n<tr class=\"datos\">\n<td>JOAQUIN LERMA <\/td>\n<td>R\u00f2tova<\/td>\n<td>Gandia<\/td>\n<\/tr>\n<\/tbody>\n<\/table>\n<table class=\"table2\">\n<tbody>\n<tr class=\"destacado\">\n<th>Planta de destino de los residuos<\/th>\n<\/tr>\n<tr class=\"datos\">\n<td> Caudete de las Fuentes (Consorcio Valencia Interior, Plan Zonal 4. \u00c1rea de gesti\u00f3n V3) &#8211; Alg\u00edmia d&#8217;Alfara (Consorcio Palancia Belcaire, Plan Zonal 3. \u00c1rea de gesti\u00f3n C3 \/ V1) &#8211; Manises (EMTRE, Plan Zonal V3. \u00c1rea de gesti\u00f3n V2)<\/td>\n<\/tr>\n<\/tbody>\n<\/table>\n<table class=\"table2\">\n<thead>\n<tr class=\"destacado\">\n<th>Tasa<\/th>\n<th class='row-Costos-taxa'>Costes tasa<\/th>\n<th class='row-Emisions-GEI'>Emisiones GEI<\/th>\n<th class='row-Impost-abocador'>Impuesto vertedero<\/th>\n<th class='row-Import-taxa'>Importe tasa<\/th>\n<th class='row-Ranking-en-import-de-la-taxa'>Ranking importe de la tasa<\/th>\n<\/tr>\n<\/thead>\n<tbody>\n<tr class='datos'>\n<td>2015<\/td>\n<td class='row-Costos-taxa'>&#8211;<\/td>\n<td class='row-Emisions-GEI'>&#8211;<\/td>\n<td class='row-Impost-abocador'>&#8211;<\/td>\n<td class='row-Import-taxa'>&#8211;<\/td>\n<td class='row-Ranking-en-import-de-la-taxa'>&#8211;<\/td>\n<\/tr>\n<tr class='datos'>\n<td>2016<\/td>\n<td class='row-Costos-taxa'>&#8211;<\/td>\n<td class='row-Emisions-GEI'>&#8211;<\/td>\n<td class='row-Impost-abocador'>&#8211;<\/td>\n<td class='row-Import-taxa'>35,02\u20ac<\/td>\n<td class='row-Ranking-en-import-de-la-taxa'>16<\/td>\n<\/tr>\n<tr class='datos'>\n<td>2017<\/td>\n<td class='row-Costos-taxa'>&#8211;<\/td>\n<td class='row-Emisions-GEI'>&#8211;<\/td>\n<td class='row-Impost-abocador'>&#8211;<\/td>\n<td class='row-Import-taxa'>35,60\u20ac<\/td>\n<td class='row-Ranking-en-import-de-la-taxa'>4<\/td>\n<\/tr>\n<tr class='datos'>\n<td>2018<\/td>\n<td class='row-Costos-taxa'>&#8211;<\/td>\n<td class='row-Emisions-GEI'>&#8211;<\/td>\n<td class='row-Impost-abocador'>&#8211;<\/td>\n<td class='row-Import-taxa'>48,24\u20ac<\/td>\n<td class='row-Ranking-en-import-de-la-taxa'>4<\/td>\n<\/tr>\n<tr class='datos'>\n<td>2019<\/td>\n<td class='row-Costos-taxa'>&#8211;<\/td>\n<td class='row-Emisions-GEI'>&#8211;<\/td>\n<td class='row-Impost-abocador'>&#8211;<\/td>\n<td class='row-Import-taxa'>50,73\u20ac<\/td>\n<td class='row-Ranking-en-import-de-la-taxa'>7<\/td>\n<\/tr>\n<tr class='datos'>\n<td>2020<\/td>\n<td class='row-Costos-taxa'>&#8211;<\/td>\n<td class='row-Emisions-GEI'>&#8211;<\/td>\n<td class='row-Impost-abocador'>&#8211;<\/td>\n<td class='row-Import-taxa'>50,43\u20ac<\/td>\n<td class='row-Ranking-en-import-de-la-taxa'>6<\/td>\n<\/tr>\n<tr class='datos'>\n<td>2021<\/td>\n<td class='row-Costos-taxa'>&#8211;<\/td>\n<td class='row-Emisions-GEI'>&#8211;<\/td>\n<td class='row-Impost-abocador'>&#8211;<\/td>\n<td class='row-Import-taxa'>56,38\u20ac<\/td>\n<td class='row-Ranking-en-import-de-la-taxa'>5<\/td>\n<\/tr>\n<tr class='datos'>\n<td>2022<\/td>\n<td class='row-Costos-taxa'>&#8211;<\/td>\n<td class='row-Emisions-GEI'>&#8211;<\/td>\n<td class='row-Impost-abocador'>&#8211;<\/td>\n<td class='row-Import-taxa'>58,94\u20ac<\/td>\n<td class='row-Ranking-en-import-de-la-taxa'>5<\/td>\n<\/tr>\n<tr class='datos'>\n<td>2023<\/td>\n<td class='row-Costos-taxa'>&#8211;<\/td>\n<td class='row-Emisions-GEI'>&#8211;<\/td>\n<td class='row-Impost-abocador'>&#8211;<\/td>\n<td class='row-Import-taxa'>67,82\u20ac<\/td>\n<td class='row-Ranking-en-import-de-la-taxa'>8<\/td>\n<\/tr>\n<tr class='datos'>\n<td>2024<\/td>\n<td class='row-Costos-taxa'>&#8211;<\/td>\n<td class='row-Emisions-GEI'>&#8211;<\/td>\n<td class='row-Impost-abocador'>&#8211;<\/td>\n<td class='row-Import-taxa'>65,72\u20ac<\/td>\n<td class='row-Ranking-en-import-de-la-taxa'>7<\/td>\n<\/tr>\n<tr class='datos'>\n<td>2025<\/td>\n<td class='row-Costos-taxa'>70,59\u20ac<\/td>\n<td class='row-Emisions-GEI'>2,62\u20ac<\/td>\n<td class='row-Impost-abocador'>7,07\u20ac<\/td>\n<td class='row-Import-taxa'>80,28\u20ac<\/td>\n<td class='row-Ranking-en-import-de-la-taxa'>12<\/td>\n<\/tr>\n<\/tbody>\n<\/table>\n<table class=\"table3\">\n<thead>\n<tr class=\"destacados\">\n<th><img class='alineadoTextoImagenCentro' src='\/wp-content\/uploads\/2017\/03\/no-seleccionada-4.png' width='30' height='30' border='0' \/>RUM<\/th>\n<th class='row-RUM'>Toneladas de residuos<\/th>\n<th class='row-Ranking-en-la-producci\u00f3-de-residus-per-habitant'>Ranking en la producci\u00f3n de residuos por habitante<\/th>\n<th class='row-Residus-per-habitant-(kg)'>Kg de residuos por habitante<\/th>\n<th class='row-Kg-de-residus-per-habitant-respecte-a-la-comarca'>Kg de residuos por habitante respecto a la comarca<\/th>\n<th class='row-Kg-de-residus-per-habitant-respecte-al-Consorci-V5'>Kg de residuos por habitante respecto al COR<\/th>\n<\/tr>\n<\/thead>\n<tbody>\n<tr class='datos'>\n<td>2015<\/td>\n<td class='row-RUM'>132,28<\/td>\n<td class='row-Ranking-en-la-producci\u00f3-de-residus-per-habitant'>&#8211;<\/td>\n<td class='row-Residus-per-habitant-(kg)'>292,01<\/td>\n<td class='row-Kg-de-residus-per-habitant-respecte-a-la-comarca'>&#8211;<\/td>\n<td class='row-Kg-de-residus-per-habitant-respecte-al-Consorci-V5'>-81,45<\/td>\n<\/tr>\n<tr class='datos'>\n<td>2016<\/td>\n<td class='row-RUM'>134,36<\/td>\n<td class='row-Ranking-en-la-producci\u00f3-de-residus-per-habitant'>9<\/td>\n<td class='row-Residus-per-habitant-(kg)'>296,60<\/td>\n<td class='row-Kg-de-residus-per-habitant-respecte-a-la-comarca'>-128,78<\/td>\n<td class='row-Kg-de-residus-per-habitant-respecte-al-Consorci-V5'>-78,16<\/td>\n<\/tr>\n<tr class='datos'>\n<td>2017<\/td>\n<td class='row-RUM'>134,02<\/td>\n<td class='row-Ranking-en-la-producci\u00f3-de-residus-per-habitant'>9<\/td>\n<td class='row-Residus-per-habitant-(kg)'>292,62<\/td>\n<td class='row-Kg-de-residus-per-habitant-respecte-a-la-comarca'>-151,23<\/td>\n<td class='row-Kg-de-residus-per-habitant-respecte-al-Consorci-V5'>-93,96<\/td>\n<\/tr>\n<tr class='datos'>\n<td>2018<\/td>\n<td class='row-RUM'>134,61<\/td>\n<td class='row-Ranking-en-la-producci\u00f3-de-residus-per-habitant'>5<\/td>\n<td class='row-Residus-per-habitant-(kg)'>295,85<\/td>\n<td class='row-Kg-de-residus-per-habitant-respecte-a-la-comarca'>-145,35<\/td>\n<td class='row-Kg-de-residus-per-habitant-respecte-al-Consorci-V5'>-87,92<\/td>\n<\/tr>\n<tr class='datos'>\n<td>2019<\/td>\n<td class='row-RUM'>132,78<\/td>\n<td class='row-Ranking-en-la-producci\u00f3-de-residus-per-habitant'>6<\/td>\n<td class='row-Residus-per-habitant-(kg)'>291,82<\/td>\n<td class='row-Kg-de-residus-per-habitant-respecte-a-la-comarca'>-152,64<\/td>\n<td class='row-Kg-de-residus-per-habitant-respecte-al-Consorci-V5'>-92,36<\/td>\n<\/tr>\n<tr class='datos'>\n<td>2020<\/td>\n<td class='row-RUM'>133,02<\/td>\n<td class='row-Ranking-en-la-producci\u00f3-de-residus-per-habitant'>10<\/td>\n<td class='row-Residus-per-habitant-(kg)'>289,17<\/td>\n<td class='row-Kg-de-residus-per-habitant-respecte-a-la-comarca'>-118,27<\/td>\n<td class='row-Kg-de-residus-per-habitant-respecte-al-Consorci-V5'>-82,29<\/td>\n<\/tr>\n<tr class='datos'>\n<td>2021<\/td>\n<td class='row-RUM'>136,16<\/td>\n<td class='row-Ranking-en-la-producci\u00f3-de-residus-per-habitant'>7<\/td>\n<td class='row-Residus-per-habitant-(kg)'>294,08<\/td>\n<td class='row-Kg-de-residus-per-habitant-respecte-a-la-comarca'>-129,15<\/td>\n<td class='row-Kg-de-residus-per-habitant-respecte-al-Consorci-V5'>-85,79<\/td>\n<\/tr>\n<tr class='datos'>\n<td>2022<\/td>\n<td class='row-RUM'>143,90<\/td>\n<td class='row-Ranking-en-la-producci\u00f3-de-residus-per-habitant'>12<\/td>\n<td class='row-Residus-per-habitant-(kg)'>302,95<\/td>\n<td class='row-Kg-de-residus-per-habitant-respecte-a-la-comarca'>-119,86<\/td>\n<td class='row-Kg-de-residus-per-habitant-respecte-al-Consorci-V5'>-74,23<\/td>\n<\/tr>\n<tr class='datos'>\n<td>2023<\/td>\n<td class='row-RUM'>142,84<\/td>\n<td class='row-Ranking-en-la-producci\u00f3-de-residus-per-habitant'>21<\/td>\n<td class='row-Residus-per-habitant-(kg)'>295,12<\/td>\n<td class='row-Kg-de-residus-per-habitant-respecte-a-la-comarca'>-109,97<\/td>\n<td class='row-Kg-de-residus-per-habitant-respecte-al-Consorci-V5'>-64,66<\/td>\n<\/tr>\n<tr class='datos'>\n<td>2024<\/td>\n<td class='row-RUM'>150,02<\/td>\n<td class='row-Ranking-en-la-producci\u00f3-de-residus-per-habitant'>34<\/td>\n<td class='row-Residus-per-habitant-(kg)'>298,25<\/td>\n<td class='row-Kg-de-residus-per-habitant-respecte-a-la-comarca'>-81,56<\/td>\n<td class='row-Kg-de-residus-per-habitant-respecte-al-Consorci-V5'>-5,54<\/td>\n<\/tr>\n<tr class='datos'>\n<td>2025<\/td>\n<td class='row-RUM'>&#8211;<\/td>\n<td class='row-Ranking-en-la-producci\u00f3-de-residus-per-habitant'>&#8211;<\/td>\n<td class='row-Residus-per-habitant-(kg)'>&#8211;<\/td>\n<td class='row-Kg-de-residus-per-habitant-respecte-a-la-comarca'>&#8211;<\/td>\n<td class='row-Kg-de-residus-per-habitant-respecte-al-Consorci-V5'>&#8211;<\/td>\n<\/tr>\n<\/tbody>\n<\/table>\n<table class=\"table1\">\n<thead>\n<tr class=\"destacados\">\n<th><img class='alineadoTextoImagenCentro' src='\/wp-content\/uploads\/2017\/03\/verd-4.png' width='30' height='30' border='0' \/>Cristal<\/th>\n<th class='row-Kg-de-recollida-selectiva-de-vidre'>Kg de recogida selectiva<\/th>\n<th class='row-R\u00e0nking-en-la-recollida-selectiva-de-vidre-per-habitant'>Ranking en la recogida por habitante<\/th>\n<th class='row-Kg-de-recollida-selectiva-de-vidre-per-habitant'>Kg de recogida selectiva por habitante<\/th>\n<th class='row-Kg-de-recollida-selectiva-de-vidre-per-habitant-respecte-a-la-comarca'>Kg de recogida selectiva respeto a la comarca<\/th>\n<th class='row-Kg-de-recollida-selectiva-de-vidre-per-habitant-respecte-al-Consorci-V5'>Kg de recogida selectiva respecto al COR<\/th>\n<\/tr>\n<\/thead>\n<tbody>\n<tr class='datos'>\n<td>2015<\/td>\n<td class='row-Kg-de-recollida-selectiva-de-vidre'>7.081,00<\/td>\n<td class='row-R\u00e0nking-en-la-recollida-selectiva-de-vidre-per-habitant'>62<\/td>\n<td class='row-Kg-de-recollida-selectiva-de-vidre-per-habitant'>15,63<\/td>\n<td class='row-Kg-de-recollida-selectiva-de-vidre-per-habitant-respecte-a-la-comarca'>0,76<\/td>\n<td class='row-Kg-de-recollida-selectiva-de-vidre-per-habitant-respecte-al-Consorci-V5'>12,01<\/td>\n<\/tr>\n<tr class='datos'>\n<td>2016<\/td>\n<td class='row-Kg-de-recollida-selectiva-de-vidre'>13.412,00<\/td>\n<td class='row-R\u00e0nking-en-la-recollida-selectiva-de-vidre-per-habitant'>17<\/td>\n<td class='row-Kg-de-recollida-selectiva-de-vidre-per-habitant'>29,61<\/td>\n<td class='row-Kg-de-recollida-selectiva-de-vidre-per-habitant-respecte-a-la-comarca'>10,99<\/td>\n<td class='row-Kg-de-recollida-selectiva-de-vidre-per-habitant-respecte-al-Consorci-V5'>13,66<\/td>\n<\/tr>\n<tr class='datos'>\n<td>2017<\/td>\n<td class='row-Kg-de-recollida-selectiva-de-vidre'>13.353,00<\/td>\n<td class='row-R\u00e0nking-en-la-recollida-selectiva-de-vidre-per-habitant'>17<\/td>\n<td class='row-Kg-de-recollida-selectiva-de-vidre-per-habitant'>29,16<\/td>\n<td class='row-Kg-de-recollida-selectiva-de-vidre-per-habitant-respecte-a-la-comarca'>9,92<\/td>\n<td class='row-Kg-de-recollida-selectiva-de-vidre-per-habitant-respecte-al-Consorci-V5'>13,94<\/td>\n<\/tr>\n<tr class='datos'>\n<td>2018<\/td>\n<td class='row-Kg-de-recollida-selectiva-de-vidre'>13.716,00<\/td>\n<td class='row-R\u00e0nking-en-la-recollida-selectiva-de-vidre-per-habitant'>18<\/td>\n<td class='row-Kg-de-recollida-selectiva-de-vidre-per-habitant'>30,15<\/td>\n<td class='row-Kg-de-recollida-selectiva-de-vidre-per-habitant-respecte-a-la-comarca'>10,61<\/td>\n<td class='row-Kg-de-recollida-selectiva-de-vidre-per-habitant-respecte-al-Consorci-V5'>13,71<\/td>\n<\/tr>\n<tr class='datos'>\n<td>2019<\/td>\n<td class='row-Kg-de-recollida-selectiva-de-vidre'>16.542,00<\/td>\n<td class='row-R\u00e0nking-en-la-recollida-selectiva-de-vidre-per-habitant'>15<\/td>\n<td class='row-Kg-de-recollida-selectiva-de-vidre-per-habitant'>36,36<\/td>\n<td class='row-Kg-de-recollida-selectiva-de-vidre-per-habitant-respecte-a-la-comarca'>15,69<\/td>\n<td class='row-Kg-de-recollida-selectiva-de-vidre-per-habitant-respecte-al-Consorci-V5'>22,86<\/td>\n<\/tr>\n<tr class='datos'>\n<td>2020<\/td>\n<td class='row-Kg-de-recollida-selectiva-de-vidre'>16.884,00<\/td>\n<td class='row-R\u00e0nking-en-la-recollida-selectiva-de-vidre-per-habitant'>8<\/td>\n<td class='row-Kg-de-recollida-selectiva-de-vidre-per-habitant'>36,70<\/td>\n<td class='row-Kg-de-recollida-selectiva-de-vidre-per-habitant-respecte-a-la-comarca'>18,48<\/td>\n<td class='row-Kg-de-recollida-selectiva-de-vidre-per-habitant-respecte-al-Consorci-V5'>18,89<\/td>\n<\/tr>\n<tr class='datos'>\n<td>2021<\/td>\n<td class='row-Kg-de-recollida-selectiva-de-vidre'>14.800,00<\/td>\n<td class='row-R\u00e0nking-en-la-recollida-selectiva-de-vidre-per-habitant'>7<\/td>\n<td class='row-Kg-de-recollida-selectiva-de-vidre-per-habitant'>31,97<\/td>\n<td class='row-Kg-de-recollida-selectiva-de-vidre-per-habitant-respecte-a-la-comarca'>14,63<\/td>\n<td class='row-Kg-de-recollida-selectiva-de-vidre-per-habitant-respecte-al-Consorci-V5'>14,63<\/td>\n<\/tr>\n<tr class='datos'>\n<td>2022<\/td>\n<td class='row-Kg-de-recollida-selectiva-de-vidre'>17.540,00<\/td>\n<td class='row-R\u00e0nking-en-la-recollida-selectiva-de-vidre-per-habitant'>5<\/td>\n<td class='row-Kg-de-recollida-selectiva-de-vidre-per-habitant'>36,93<\/td>\n<td class='row-Kg-de-recollida-selectiva-de-vidre-per-habitant-respecte-a-la-comarca'>17,81<\/td>\n<td class='row-Kg-de-recollida-selectiva-de-vidre-per-habitant-respecte-al-Consorci-V5'>36,93<\/td>\n<\/tr>\n<tr class='datos'>\n<td>2023<\/td>\n<td class='row-Kg-de-recollida-selectiva-de-vidre'>21.400,00<\/td>\n<td class='row-R\u00e0nking-en-la-recollida-selectiva-de-vidre-per-habitant'>4<\/td>\n<td class='row-Kg-de-recollida-selectiva-de-vidre-per-habitant'>44,21<\/td>\n<td class='row-Kg-de-recollida-selectiva-de-vidre-per-habitant-respecte-a-la-comarca'>26,60<\/td>\n<td class='row-Kg-de-recollida-selectiva-de-vidre-per-habitant-respecte-al-Consorci-V5'>27,49<\/td>\n<\/tr>\n<tr class='datos'>\n<td>2024<\/td>\n<td class='row-Kg-de-recollida-selectiva-de-vidre'>18.040,00<\/td>\n<td class='row-R\u00e0nking-en-la-recollida-selectiva-de-vidre-per-habitant'>4<\/td>\n<td class='row-Kg-de-recollida-selectiva-de-vidre-per-habitant'>35,86<\/td>\n<td class='row-Kg-de-recollida-selectiva-de-vidre-per-habitant-respecte-a-la-comarca'>20,14<\/td>\n<td class='row-Kg-de-recollida-selectiva-de-vidre-per-habitant-respecte-al-Consorci-V5'>18,31<\/td>\n<\/tr>\n<tr class='datos'>\n<td>2025<\/td>\n<td class='row-Kg-de-recollida-selectiva-de-vidre'>&#8211;<\/td>\n<td class='row-R\u00e0nking-en-la-recollida-selectiva-de-vidre-per-habitant'>&#8211;<\/td>\n<td class='row-Kg-de-recollida-selectiva-de-vidre-per-habitant'>&#8211;<\/td>\n<td class='row-Kg-de-recollida-selectiva-de-vidre-per-habitant-respecte-a-la-comarca'>&#8211;<\/td>\n<td class='row-Kg-de-recollida-selectiva-de-vidre-per-habitant-respecte-al-Consorci-V5'>&#8211;<\/td>\n<\/tr>\n<\/tbody>\n<\/table>\n<table class=\"table4\">\n<thead>\n<tr class=\"destacados\">\n<th><img class='alineadoTextoImagenCentro' src='\/wp-content\/uploads\/2017\/03\/groc-4.png' width='30' height='30' border='0' \/>Envases ligeros y pl\u00e1sticos<\/th>\n<th class='row-Kg-de-recollida-selectiva-d'envasos'>Kg de recogida selectiva<\/th>\n<th class='row-R\u00e0nking-en-la-recollida-selectiva-d'envasos-per-habitant'>Ranking en la recogida selectiva por habitante<\/th>\n<th class='row-Kg-de-recollida-selectiva-d'envasos-per-habitant'>Kg de recogida selectiva por habitante<\/th>\n<th class='row-Kg-de-recollida-selectiva-d'envasos-per-habitant-respecte-a-la-comarca'>Kg de recogida selectiva respecto a la comarca<\/th>\n<th class='row-Kg-de-recollida-selectiva-d'envasos-per-habitant-respecte-al-Consorci-V5'>Kg de recogida selectiva respecto al COR<\/th>\n<\/tr>\n<\/thead>\n<tbody>\n<tr class='datos'>\n<td>2015<\/td>\n<td class='row-Kg-de-recollida-selectiva-d'envasos'>15.520,00<\/td>\n<td class='row-R\u00e0nking-en-la-recollida-selectiva-d'envasos-per-habitant'>5<\/td>\n<td class='row-Kg-de-recollida-selectiva-d'envasos-per-habitant'>34,26<\/td>\n<td class='row-Kg-de-recollida-selectiva-d'envasos-per-habitant-respecte-a-la-comarca'>23,54<\/td>\n<td class='row-Kg-de-recollida-selectiva-d'envasos-per-habitant-respecte-al-Consorci-V5'>28,25<\/td>\n<\/tr>\n<tr class='datos'>\n<td>2016<\/td>\n<td class='row-Kg-de-recollida-selectiva-d'envasos'>&#8211;<\/td>\n<td class='row-R\u00e0nking-en-la-recollida-selectiva-d'envasos-per-habitant'>34<\/td>\n<td class='row-Kg-de-recollida-selectiva-d'envasos-per-habitant'>&#8211;<\/td>\n<td class='row-Kg-de-recollida-selectiva-d'envasos-per-habitant-respecte-a-la-comarca'>23,55<\/td>\n<td class='row-Kg-de-recollida-selectiva-d'envasos-per-habitant-respecte-al-Consorci-V5'>-2,75<\/td>\n<\/tr>\n<tr class='datos'>\n<td>2017<\/td>\n<td class='row-Kg-de-recollida-selectiva-d'envasos'>16.620,00<\/td>\n<td class='row-R\u00e0nking-en-la-recollida-selectiva-d'envasos-per-habitant'>10<\/td>\n<td class='row-Kg-de-recollida-selectiva-d'envasos-per-habitant'>36,29<\/td>\n<td class='row-Kg-de-recollida-selectiva-d'envasos-per-habitant-respecte-a-la-comarca'>36,29<\/td>\n<td class='row-Kg-de-recollida-selectiva-d'envasos-per-habitant-respecte-al-Consorci-V5'>26,03<\/td>\n<\/tr>\n<tr class='datos'>\n<td>2018<\/td>\n<td class='row-Kg-de-recollida-selectiva-d'envasos'>17.560,00<\/td>\n<td class='row-R\u00e0nking-en-la-recollida-selectiva-d'envasos-per-habitant'>8<\/td>\n<td class='row-Kg-de-recollida-selectiva-d'envasos-per-habitant'>38,59<\/td>\n<td class='row-Kg-de-recollida-selectiva-d'envasos-per-habitant-respecte-a-la-comarca'>24,61<\/td>\n<td class='row-Kg-de-recollida-selectiva-d'envasos-per-habitant-respecte-al-Consorci-V5'>26,57<\/td>\n<\/tr>\n<tr class='datos'>\n<td>2019<\/td>\n<td class='row-Kg-de-recollida-selectiva-d'envasos'>18.200,00<\/td>\n<td class='row-R\u00e0nking-en-la-recollida-selectiva-d'envasos-per-habitant'>8<\/td>\n<td class='row-Kg-de-recollida-selectiva-d'envasos-per-habitant'>39,82<\/td>\n<td class='row-Kg-de-recollida-selectiva-d'envasos-per-habitant-respecte-a-la-comarca'>23,55<\/td>\n<td class='row-Kg-de-recollida-selectiva-d'envasos-per-habitant-respecte-al-Consorci-V5'>23,55<\/td>\n<\/tr>\n<tr class='datos'>\n<td>2020<\/td>\n<td class='row-Kg-de-recollida-selectiva-d'envasos'>19.011,20<\/td>\n<td class='row-R\u00e0nking-en-la-recollida-selectiva-d'envasos-per-habitant'>7<\/td>\n<td class='row-Kg-de-recollida-selectiva-d'envasos-per-habitant'>41,33<\/td>\n<td class='row-Kg-de-recollida-selectiva-d'envasos-per-habitant-respecte-a-la-comarca'>24,17<\/td>\n<td class='row-Kg-de-recollida-selectiva-d'envasos-per-habitant-respecte-al-Consorci-V5'>26,64<\/td>\n<\/tr>\n<tr class='datos'>\n<td>2021<\/td>\n<td class='row-Kg-de-recollida-selectiva-d'envasos'>18.400,00<\/td>\n<td class='row-R\u00e0nking-en-la-recollida-selectiva-d'envasos-per-habitant'>46<\/td>\n<td class='row-Kg-de-recollida-selectiva-d'envasos-per-habitant'>39,74<\/td>\n<td class='row-Kg-de-recollida-selectiva-d'envasos-per-habitant-respecte-a-la-comarca'>22,16<\/td>\n<td class='row-Kg-de-recollida-selectiva-d'envasos-per-habitant-respecte-al-Consorci-V5'>24,67<\/td>\n<\/tr>\n<tr class='datos'>\n<td>2022<\/td>\n<td class='row-Kg-de-recollida-selectiva-d'envasos'>18.440,00<\/td>\n<td class='row-R\u00e0nking-en-la-recollida-selectiva-d'envasos-per-habitant'>8<\/td>\n<td class='row-Kg-de-recollida-selectiva-d'envasos-per-habitant'>38,82<\/td>\n<td class='row-Kg-de-recollida-selectiva-d'envasos-per-habitant-respecte-a-la-comarca'>20,22<\/td>\n<td class='row-Kg-de-recollida-selectiva-d'envasos-per-habitant-respecte-al-Consorci-V5'>23,34<\/td>\n<\/tr>\n<tr class='datos'>\n<td>2023<\/td>\n<td class='row-Kg-de-recollida-selectiva-d'envasos'>18.246,80<\/td>\n<td class='row-R\u00e0nking-en-la-recollida-selectiva-d'envasos-per-habitant'>9<\/td>\n<td class='row-Kg-de-recollida-selectiva-d'envasos-per-habitant'>37,70<\/td>\n<td class='row-Kg-de-recollida-selectiva-d'envasos-per-habitant-respecte-a-la-comarca'>18,80<\/td>\n<td class='row-Kg-de-recollida-selectiva-d'envasos-per-habitant-respecte-al-Consorci-V5'>22,02<\/td>\n<\/tr>\n<tr class='datos'>\n<td>2024<\/td>\n<td class='row-Kg-de-recollida-selectiva-d'envasos'>18.053,20<\/td>\n<td class='row-R\u00e0nking-en-la-recollida-selectiva-d'envasos-per-habitant'>9<\/td>\n<td class='row-Kg-de-recollida-selectiva-d'envasos-per-habitant'>35,89<\/td>\n<td class='row-Kg-de-recollida-selectiva-d'envasos-per-habitant-respecte-a-la-comarca'>22,16<\/td>\n<td class='row-Kg-de-recollida-selectiva-d'envasos-per-habitant-respecte-al-Consorci-V5'>17,15<\/td>\n<\/tr>\n<tr class='datos'>\n<td>2025<\/td>\n<td class='row-Kg-de-recollida-selectiva-d'envasos'>&#8211;<\/td>\n<td class='row-R\u00e0nking-en-la-recollida-selectiva-d'envasos-per-habitant'>&#8211;<\/td>\n<td class='row-Kg-de-recollida-selectiva-d'envasos-per-habitant'>&#8211;<\/td>\n<td class='row-Kg-de-recollida-selectiva-d'envasos-per-habitant-respecte-a-la-comarca'>&#8211;<\/td>\n<td class='row-Kg-de-recollida-selectiva-d'envasos-per-habitant-respecte-al-Consorci-V5'>&#8211;<\/td>\n<\/tr>\n<\/tbody>\n<\/table>\n<table class=\"table5\">\n<thead>\n<tr class=\"destacados\">\n<th><img class='alineadoTextoImagenCentro' src='\/wp-content\/uploads\/2017\/03\/blau-4.png' width='30' height='30' border='0' \/>Papel y cart\u00f3n<\/th>\n<th class='row-Kg-de-recollida-selectiva-de-paper'>Kg de recogida selectiva<\/th>\n<th class='row-R\u00e0nking-en-la-recollida-selectiva-d'envasos-per-habitant'>Ranking en la recogida selectiva por habitante<\/th>\n<th class='row-Kg-de-recollida-selectiva-de-paper-per-habitant'>Kg de recogida selectiva por habitante<\/th>\n<th class='row-Kg-de-recollida-selectiva-de-paper-per-habitant-respecte-a-la-comarca'>Kg de recogida selectiva respecto a la comarca<\/th>\n<th class='row-Kg-de-recollida-selectiva-de-paper-per-habitant-respecte-al-Consorci-V5'>Kg de recogida selectiva respecto al COR<\/th>\n<\/tr>\n<\/thead>\n<tbody>\n<tr class='datos'>\n<td>2015<\/td>\n<td class='row-Kg-de-recollida-selectiva-de-paper'>32.060,00<\/td>\n<td class='row-R\u00e0nking-en-la-recollida-selectiva-d'envasos-per-habitant'>5<\/td>\n<td class='row-Kg-de-recollida-selectiva-de-paper-per-habitant'>70,77<\/td>\n<td class='row-Kg-de-recollida-selectiva-de-paper-per-habitant-respecte-a-la-comarca'>41,49<\/td>\n<td class='row-Kg-de-recollida-selectiva-de-paper-per-habitant-respecte-al-Consorci-V5'>55,17<\/td>\n<\/tr>\n<tr class='datos'>\n<td>2016<\/td>\n<td class='row-Kg-de-recollida-selectiva-de-paper'>&#8211;<\/td>\n<td class='row-R\u00e0nking-en-la-recollida-selectiva-d'envasos-per-habitant'>34<\/td>\n<td class='row-Kg-de-recollida-selectiva-de-paper-per-habitant'>&#8211;<\/td>\n<td class='row-Kg-de-recollida-selectiva-de-paper-per-habitant-respecte-a-la-comarca'>&#8211;<\/td>\n<td class='row-Kg-de-recollida-selectiva-de-paper-per-habitant-respecte-al-Consorci-V5'>-2,82<\/td>\n<\/tr>\n<tr class='datos'>\n<td>2017<\/td>\n<td class='row-Kg-de-recollida-selectiva-de-paper'>31.740,00<\/td>\n<td class='row-R\u00e0nking-en-la-recollida-selectiva-d'envasos-per-habitant'>10<\/td>\n<td class='row-Kg-de-recollida-selectiva-de-paper-per-habitant'>69,30<\/td>\n<td class='row-Kg-de-recollida-selectiva-de-paper-per-habitant-respecte-a-la-comarca'>69,30<\/td>\n<td class='row-Kg-de-recollida-selectiva-de-paper-per-habitant-respecte-al-Consorci-V5'>47,69<\/td>\n<\/tr>\n<tr class='datos'>\n<td>2018<\/td>\n<td class='row-Kg-de-recollida-selectiva-de-paper'>32.100,00<\/td>\n<td class='row-R\u00e0nking-en-la-recollida-selectiva-d'envasos-per-habitant'>8<\/td>\n<td class='row-Kg-de-recollida-selectiva-de-paper-per-habitant'>71,00<\/td>\n<td class='row-Kg-de-recollida-selectiva-de-paper-per-habitant-respecte-a-la-comarca'>37,83<\/td>\n<td class='row-Kg-de-recollida-selectiva-de-paper-per-habitant-respecte-al-Consorci-V5'>50,19<\/td>\n<\/tr>\n<tr class='datos'>\n<td>2019<\/td>\n<td class='row-Kg-de-recollida-selectiva-de-paper'>32.305,00<\/td>\n<td class='row-R\u00e0nking-en-la-recollida-selectiva-d'envasos-per-habitant'>8<\/td>\n<td class='row-Kg-de-recollida-selectiva-de-paper-per-habitant'>71,00<\/td>\n<td class='row-Kg-de-recollida-selectiva-de-paper-per-habitant-respecte-a-la-comarca'>36,91<\/td>\n<td class='row-Kg-de-recollida-selectiva-de-paper-per-habitant-respecte-al-Consorci-V5'>36,90<\/td>\n<\/tr>\n<tr class='datos'>\n<td>2020<\/td>\n<td class='row-Kg-de-recollida-selectiva-de-paper'>32.522,00<\/td>\n<td class='row-R\u00e0nking-en-la-recollida-selectiva-d'envasos-per-habitant'>7<\/td>\n<td class='row-Kg-de-recollida-selectiva-de-paper-per-habitant'>70,70<\/td>\n<td class='row-Kg-de-recollida-selectiva-de-paper-per-habitant-respecte-a-la-comarca'>39,99<\/td>\n<td class='row-Kg-de-recollida-selectiva-de-paper-per-habitant-respecte-al-Consorci-V5'>49,33<\/td>\n<\/tr>\n<tr class='datos'>\n<td>2021<\/td>\n<td class='row-Kg-de-recollida-selectiva-de-paper'>6.778,00<\/td>\n<td class='row-R\u00e0nking-en-la-recollida-selectiva-d'envasos-per-habitant'>46<\/td>\n<td class='row-Kg-de-recollida-selectiva-de-paper-per-habitant'>14,64<\/td>\n<td class='row-Kg-de-recollida-selectiva-de-paper-per-habitant-respecte-a-la-comarca'>-7,04<\/td>\n<td class='row-Kg-de-recollida-selectiva-de-paper-per-habitant-respecte-al-Consorci-V5'>-7,04<\/td>\n<\/tr>\n<tr class='datos'>\n<td>2022<\/td>\n<td class='row-Kg-de-recollida-selectiva-de-paper'>33.480,00<\/td>\n<td class='row-R\u00e0nking-en-la-recollida-selectiva-d'envasos-per-habitant'>8<\/td>\n<td class='row-Kg-de-recollida-selectiva-de-paper-per-habitant'>70,48<\/td>\n<td class='row-Kg-de-recollida-selectiva-de-paper-per-habitant-respecte-a-la-comarca'>35,95<\/td>\n<td class='row-Kg-de-recollida-selectiva-de-paper-per-habitant-respecte-al-Consorci-V5'>48,23<\/td>\n<\/tr>\n<tr class='datos'>\n<td>2023<\/td>\n<td class='row-Kg-de-recollida-selectiva-de-paper'>34.460,80<\/td>\n<td class='row-R\u00e0nking-en-la-recollida-selectiva-d'envasos-per-habitant'>9<\/td>\n<td class='row-Kg-de-recollida-selectiva-de-paper-per-habitant'>71,20<\/td>\n<td class='row-Kg-de-recollida-selectiva-de-paper-per-habitant-respecte-a-la-comarca'>35,43<\/td>\n<td class='row-Kg-de-recollida-selectiva-de-paper-per-habitant-respecte-al-Consorci-V5'>46,91<\/td>\n<\/tr>\n<tr class='datos'>\n<td>2024<\/td>\n<td class='row-Kg-de-recollida-selectiva-de-paper'>34.267,20<\/td>\n<td class='row-R\u00e0nking-en-la-recollida-selectiva-d'envasos-per-habitant'>9<\/td>\n<td class='row-Kg-de-recollida-selectiva-de-paper-per-habitant'>68,13<\/td>\n<td class='row-Kg-de-recollida-selectiva-de-paper-per-habitant-respecte-a-la-comarca'>52,29<\/td>\n<td class='row-Kg-de-recollida-selectiva-de-paper-per-habitant-respecte-al-Consorci-V5'>44,77<\/td>\n<\/tr>\n<tr class='datos'>\n<td>2025<\/td>\n<td class='row-Kg-de-recollida-selectiva-de-paper'>&#8211;<\/td>\n<td class='row-R\u00e0nking-en-la-recollida-selectiva-d'envasos-per-habitant'>&#8211;<\/td>\n<td class='row-Kg-de-recollida-selectiva-de-paper-per-habitant'>&#8211;<\/td>\n<td class='row-Kg-de-recollida-selectiva-de-paper-per-habitant-respecte-a-la-comarca'>&#8211;<\/td>\n<td class='row-Kg-de-recollida-selectiva-de-paper-per-habitant-respecte-al-Consorci-V5'>&#8211;<\/td>\n<\/tr>\n<\/tbody>\n<\/table>\n<table class=\"table3\">\n<thead>\n<tr class=\"destacados\">\n<th>FORS<\/th>\n<th class='row-Fors-illes'>Toneladas FORS islas<\/th>\n<th class='row-Fors-planta'>Toneladas FORS en planta<\/th>\n<\/tr>\n<\/thead>\n<tbody>\n<tr class='datos'>\n<td>2015<\/td>\n<td class='row-Fors-illes'>&#8211;<\/td>\n<td class='row-Fors-planta'>&#8211;<\/td>\n<\/tr>\n<tr class='datos'>\n<td>2016<\/td>\n<td class='row-Fors-illes'>&#8211;<\/td>\n<td class='row-Fors-planta'>&#8211;<\/td>\n<\/tr>\n<tr class='datos'>\n<td>2017<\/td>\n<td class='row-Fors-illes'>&#8211;<\/td>\n<td class='row-Fors-planta'>&#8211;<\/td>\n<\/tr>\n<tr class='datos'>\n<td>2018<\/td>\n<td class='row-Fors-illes'>&#8211;<\/td>\n<td class='row-Fors-planta'>&#8211;<\/td>\n<\/tr>\n<tr class='datos'>\n<td>2019<\/td>\n<td class='row-Fors-illes'>&#8211;<\/td>\n<td class='row-Fors-planta'>&#8211;<\/td>\n<\/tr>\n<tr class='datos'>\n<td>2020<\/td>\n<td class='row-Fors-illes'>&#8211;<\/td>\n<td class='row-Fors-planta'>&#8211;<\/td>\n<\/tr>\n<tr class='datos'>\n<td>2021<\/td>\n<td class='row-Fors-illes'>&#8211;<\/td>\n<td class='row-Fors-planta'>&#8211;<\/td>\n<\/tr>\n<tr class='datos'>\n<td>2022<\/td>\n<td class='row-Fors-illes'>&#8211;<\/td>\n<td class='row-Fors-planta'>&#8211;<\/td>\n<\/tr>\n<tr class='datos'>\n<td>2023<\/td>\n<td class='row-Fors-illes'>&#8211;<\/td>\n<td class='row-Fors-planta'>&#8211;<\/td>\n<\/tr>\n<tr class='datos'>\n<td>2024<\/td>\n<td class='row-Fors-illes'>&#8211;<\/td>\n<td class='row-Fors-planta'>&#8211;<\/td>\n<\/tr>\n<tr class='datos'>\n<td>2025<\/td>\n<td class='row-Fors-illes'>&#8211;<\/td>\n<td class='row-Fors-planta'>&#8211;<\/td>\n<\/tr>\n<\/tbody>\n<\/table>\n<div style=\"clear:both;\"><\/div>","protected":false},"excerpt":{"rendered":"<p>Benifl\u00e0 es un municipio de la comarca de La Safor, en la provincia de Valencia. Tiene 458 habitantes. <br \/>Sistema de Recogida: Recogida de 4 fracciones (papel y cart\u00f3n, pl\u00e1sticos y envases ligeros, vidrio y resto no selectivo) en contenedor<\/p>\n","protected":false},"author":1,"featured_media":13861,"comment_status":"closed","ping_status":"closed","sticky":false,"template":"","format":"standard","meta":{"footnotes":""},"categories":[109],"tags":[],"class_list":["post-14583","post","type-post","status-publish","format-standard","has-post-thumbnail","hentry","category-la-safor-es"],"yoast_head":"<!-- This site is optimized with the Yoast SEO plugin v26.0 - https:\/\/yoast.com\/wordpress\/plugins\/seo\/ -->\n<title>Benifl\u00e0 - Consorcio de Residuos V5 - COR<\/title>\n<meta name=\"robots\" content=\"index, follow, max-snippet:-1, max-image-preview:large, max-video-preview:-1\" \/>\n<link rel=\"canonical\" href=\"https:\/\/www.consorciresidus.org\/es\/benifla\/\" \/>\n<meta property=\"og:locale\" content=\"es_ES\" \/>\n<meta property=\"og:type\" content=\"article\" \/>\n<meta property=\"og:title\" content=\"Benifl\u00e0 - Consorcio de Residuos V5 - COR\" \/>\n<meta property=\"og:description\" content=\"Benifl\u00e0 es un municipio de la comarca de La Safor, en la provincia de Valencia. Tiene 458 habitantes. Sistema de Recogida: Recogida de 4 fracciones (papel y cart\u00f3n, pl\u00e1sticos y envases ligeros, vidrio y resto no selectivo) en contenedor\" \/>\n<meta property=\"og:url\" content=\"https:\/\/www.consorciresidus.org\/es\/benifla\/\" \/>\n<meta property=\"og:site_name\" content=\"Consorcio de Residuos V5 - COR\" \/>\n<meta property=\"article:published_time\" content=\"2017-04-20T22:30:30+00:00\" \/>\n<meta property=\"article:modified_time\" content=\"2025-12-11T17:35:08+00:00\" \/>\n<meta property=\"og:image\" content=\"https:\/\/www.consorciresidus.org\/wp-content\/uploads\/2017\/03\/benifla.jpg\" \/>\n\t<meta property=\"og:image:width\" content=\"1600\" \/>\n\t<meta property=\"og:image:height\" content=\"500\" \/>\n\t<meta property=\"og:image:type\" content=\"image\/jpeg\" \/>\n<meta name=\"author\" content=\"Yset\" \/>\n<meta name=\"twitter:card\" content=\"summary_large_image\" \/>\n<meta name=\"twitter:label1\" content=\"Escrito por\" \/>\n\t<meta name=\"twitter:data1\" content=\"Yset\" \/>\n\t<meta name=\"twitter:label2\" content=\"Tiempo de lectura\" \/>\n\t<meta name=\"twitter:data2\" content=\"4 minutos\" \/>\n<script type=\"application\/ld+json\" class=\"yoast-schema-graph\">{\"@context\":\"https:\/\/schema.org\",\"@graph\":[{\"@type\":\"WebPage\",\"@id\":\"https:\/\/www.consorciresidus.org\/es\/benifla\/\",\"url\":\"https:\/\/www.consorciresidus.org\/es\/benifla\/\",\"name\":\"Benifl\u00e0 - Consorcio de Residuos V5 - COR\",\"isPartOf\":{\"@id\":\"https:\/\/www.consorciresidus.org\/#website\"},\"primaryImageOfPage\":{\"@id\":\"https:\/\/www.consorciresidus.org\/es\/benifla\/#primaryimage\"},\"image\":{\"@id\":\"https:\/\/www.consorciresidus.org\/es\/benifla\/#primaryimage\"},\"thumbnailUrl\":\"https:\/\/www.consorciresidus.org\/wp-content\/uploads\/2017\/03\/benifla.jpg\",\"datePublished\":\"2017-04-20T22:30:30+00:00\",\"dateModified\":\"2025-12-11T17:35:08+00:00\",\"author\":{\"@id\":\"https:\/\/www.consorciresidus.org\/#\/schema\/person\/3c64584408fdfd16e903e666bd655fa6\"},\"inLanguage\":\"es\",\"potentialAction\":[{\"@type\":\"ReadAction\",\"target\":[\"https:\/\/www.consorciresidus.org\/es\/benifla\/\"]}]},{\"@type\":\"ImageObject\",\"inLanguage\":\"es\",\"@id\":\"https:\/\/www.consorciresidus.org\/es\/benifla\/#primaryimage\",\"url\":\"https:\/\/www.consorciresidus.org\/wp-content\/uploads\/2017\/03\/benifla.jpg\",\"contentUrl\":\"https:\/\/www.consorciresidus.org\/wp-content\/uploads\/2017\/03\/benifla.jpg\",\"width\":1600,\"height\":500},{\"@type\":\"WebSite\",\"@id\":\"https:\/\/www.consorciresidus.org\/#website\",\"url\":\"https:\/\/www.consorciresidus.org\/\",\"name\":\"Consorcio de Residuos V5 - COR\",\"description\":\"Consorcio para la gesti\u00f3n de residuos\",\"potentialAction\":[{\"@type\":\"SearchAction\",\"target\":{\"@type\":\"EntryPoint\",\"urlTemplate\":\"https:\/\/www.consorciresidus.org\/?s={search_term_string}\"},\"query-input\":{\"@type\":\"PropertyValueSpecification\",\"valueRequired\":true,\"valueName\":\"search_term_string\"}}],\"inLanguage\":\"es\"},{\"@type\":\"Person\",\"@id\":\"https:\/\/www.consorciresidus.org\/#\/schema\/person\/3c64584408fdfd16e903e666bd655fa6\",\"name\":\"Yset\",\"image\":{\"@type\":\"ImageObject\",\"inLanguage\":\"es\",\"@id\":\"https:\/\/www.consorciresidus.org\/#\/schema\/person\/image\/\",\"url\":\"https:\/\/secure.gravatar.com\/avatar\/f4c946889a39405ca4f37786a11a9859f1168d049122f95466f838aeaa1e4327?s=96&d=mm&r=g\",\"contentUrl\":\"https:\/\/secure.gravatar.com\/avatar\/f4c946889a39405ca4f37786a11a9859f1168d049122f95466f838aeaa1e4327?s=96&d=mm&r=g\",\"caption\":\"Yset\"},\"url\":\"https:\/\/www.consorciresidus.org\/es\/author\/yset2020\/\"}]}<\/script>\n<!-- \/ Yoast SEO plugin. -->","yoast_head_json":{"title":"Benifl\u00e0 - Consorcio de Residuos V5 - COR","robots":{"index":"index","follow":"follow","max-snippet":"max-snippet:-1","max-image-preview":"max-image-preview:large","max-video-preview":"max-video-preview:-1"},"canonical":"https:\/\/www.consorciresidus.org\/es\/benifla\/","og_locale":"es_ES","og_type":"article","og_title":"Benifl\u00e0 - Consorcio de Residuos V5 - COR","og_description":"Benifl\u00e0 es un municipio de la comarca de La Safor, en la provincia de Valencia. Tiene 458 habitantes. Sistema de Recogida: Recogida de 4 fracciones (papel y cart\u00f3n, pl\u00e1sticos y envases ligeros, vidrio y resto no selectivo) en contenedor","og_url":"https:\/\/www.consorciresidus.org\/es\/benifla\/","og_site_name":"Consorcio de Residuos V5 - COR","article_published_time":"2017-04-20T22:30:30+00:00","article_modified_time":"2025-12-11T17:35:08+00:00","og_image":[{"width":1600,"height":500,"url":"https:\/\/www.consorciresidus.org\/wp-content\/uploads\/2017\/03\/benifla.jpg","type":"image\/jpeg"}],"author":"Yset","twitter_card":"summary_large_image","twitter_misc":{"Escrito por":"Yset","Tiempo de lectura":"4 minutos"},"schema":{"@context":"https:\/\/schema.org","@graph":[{"@type":"WebPage","@id":"https:\/\/www.consorciresidus.org\/es\/benifla\/","url":"https:\/\/www.consorciresidus.org\/es\/benifla\/","name":"Benifl\u00e0 - Consorcio de Residuos V5 - COR","isPartOf":{"@id":"https:\/\/www.consorciresidus.org\/#website"},"primaryImageOfPage":{"@id":"https:\/\/www.consorciresidus.org\/es\/benifla\/#primaryimage"},"image":{"@id":"https:\/\/www.consorciresidus.org\/es\/benifla\/#primaryimage"},"thumbnailUrl":"https:\/\/www.consorciresidus.org\/wp-content\/uploads\/2017\/03\/benifla.jpg","datePublished":"2017-04-20T22:30:30+00:00","dateModified":"2025-12-11T17:35:08+00:00","author":{"@id":"https:\/\/www.consorciresidus.org\/#\/schema\/person\/3c64584408fdfd16e903e666bd655fa6"},"inLanguage":"es","potentialAction":[{"@type":"ReadAction","target":["https:\/\/www.consorciresidus.org\/es\/benifla\/"]}]},{"@type":"ImageObject","inLanguage":"es","@id":"https:\/\/www.consorciresidus.org\/es\/benifla\/#primaryimage","url":"https:\/\/www.consorciresidus.org\/wp-content\/uploads\/2017\/03\/benifla.jpg","contentUrl":"https:\/\/www.consorciresidus.org\/wp-content\/uploads\/2017\/03\/benifla.jpg","width":1600,"height":500},{"@type":"WebSite","@id":"https:\/\/www.consorciresidus.org\/#website","url":"https:\/\/www.consorciresidus.org\/","name":"Consorcio de Residuos V5 - COR","description":"Consorcio para la gesti\u00f3n de residuos","potentialAction":[{"@type":"SearchAction","target":{"@type":"EntryPoint","urlTemplate":"https:\/\/www.consorciresidus.org\/?s={search_term_string}"},"query-input":{"@type":"PropertyValueSpecification","valueRequired":true,"valueName":"search_term_string"}}],"inLanguage":"es"},{"@type":"Person","@id":"https:\/\/www.consorciresidus.org\/#\/schema\/person\/3c64584408fdfd16e903e666bd655fa6","name":"Yset","image":{"@type":"ImageObject","inLanguage":"es","@id":"https:\/\/www.consorciresidus.org\/#\/schema\/person\/image\/","url":"https:\/\/secure.gravatar.com\/avatar\/f4c946889a39405ca4f37786a11a9859f1168d049122f95466f838aeaa1e4327?s=96&d=mm&r=g","contentUrl":"https:\/\/secure.gravatar.com\/avatar\/f4c946889a39405ca4f37786a11a9859f1168d049122f95466f838aeaa1e4327?s=96&d=mm&r=g","caption":"Yset"},"url":"https:\/\/www.consorciresidus.org\/es\/author\/yset2020\/"}]}},"_links":{"self":[{"href":"https:\/\/www.consorciresidus.org\/es\/wp-json\/wp\/v2\/posts\/14583","targetHints":{"allow":["GET"]}}],"collection":[{"href":"https:\/\/www.consorciresidus.org\/es\/wp-json\/wp\/v2\/posts"}],"about":[{"href":"https:\/\/www.consorciresidus.org\/es\/wp-json\/wp\/v2\/types\/post"}],"author":[{"embeddable":true,"href":"https:\/\/www.consorciresidus.org\/es\/wp-json\/wp\/v2\/users\/1"}],"replies":[{"embeddable":true,"href":"https:\/\/www.consorciresidus.org\/es\/wp-json\/wp\/v2\/comments?post=14583"}],"version-history":[{"count":35,"href":"https:\/\/www.consorciresidus.org\/es\/wp-json\/wp\/v2\/posts\/14583\/revisions"}],"predecessor-version":[{"id":28141,"href":"https:\/\/www.consorciresidus.org\/es\/wp-json\/wp\/v2\/posts\/14583\/revisions\/28141"}],"wp:featuredmedia":[{"embeddable":true,"href":"https:\/\/www.consorciresidus.org\/es\/wp-json\/wp\/v2\/media\/13861"}],"wp:attachment":[{"href":"https:\/\/www.consorciresidus.org\/es\/wp-json\/wp\/v2\/media?parent=14583"}],"wp:term":[{"taxonomy":"category","embeddable":true,"href":"https:\/\/www.consorciresidus.org\/es\/wp-json\/wp\/v2\/categories?post=14583"},{"taxonomy":"post_tag","embeddable":true,"href":"https:\/\/www.consorciresidus.org\/es\/wp-json\/wp\/v2\/tags?post=14583"}],"curies":[{"name":"wp","href":"https:\/\/api.w.org\/{rel}","templated":true}]}}