 



{"id":14587,"date":"2017-04-20T22:30:30","date_gmt":"2017-04-20T22:30:30","guid":{"rendered":"https:\/\/www.consorciresidus.org\/benisuera\/"},"modified":"2025-12-11T17:35:10","modified_gmt":"2025-12-11T17:35:10","slug":"benisuera","status":"publish","type":"post","link":"https:\/\/www.consorciresidus.org\/es\/benisuera\/","title":{"rendered":"Benisuera"},"content":{"rendered":"<div class=\"pdfprnt-buttons\"><a href=\"https:\/\/www.consorciresidus.org\/es\/wp-json\/wp\/v2\/posts\/14587?print=pdf\" class=\"pdfprnt-button pdfprnt-button-pdf\" target=\"_blank\"><img decoding=\"async\" src=\"https:\/\/www.consorciresidus.org\/wp-content\/plugins\/pdf-print\/images\/pdf.png\" alt=\"image_pdf\" title=\"Ver PDF\" \/><span class=\"pdfprnt-button-title pdfprnt-button-pdf-title\">Descargar PDF<\/span><\/a><\/div>\n<div class=\"enlacepan\"><a href=\"https:\/\/www.consorciresidus.org\/es\/transparencia\/\">Transparencia<\/a>\u00a0\/ <a href=\"https:\/\/www.consorciresidus.org\/es\/transparencia\/datos-en-tu-poblacion\/\">Datos en tu poblaci\u00f3n<\/a>\u00a0\/ Benissuera<\/div>\n<table class=\"table2\">\n<tbody>\n<tr class=\"destacado\">\n<th>Municipio<\/th>\n<th>Comarca<\/th>\n<th>Representante del municipio al Cor<\/th>\n<\/tr>\n<tr class=\"datos\">\n<td>Benissuera<\/td>\n<td>La Vall d&#8217;Albaida<\/td>\n<td>YOLANDA \u00daBEDA PALAU<\/td>\n<\/tr>\n<\/tbody>\n<\/table>\n<table class=\"table2\">\n<tbody>\n<tr class=\"destacado\">\n<th colspan='11'>N\u00famero de habitantes<\/th>\n<\/tr>\n<tr class=\"destacado\">\n<th>2015<\/th>\n<th>2016<\/th>\n<th>2017<\/th>\n<th>2018<\/th>\n<th>2019<\/th>\n<th>2020<\/th>\n<th>2021<\/th>\n<th>2022<\/th>\n<th>2023<\/th>\n<th>2024<\/th>\n<th>2025<\/th>\n<\/tr>\n<tr class=\"datos\">\n<td>191<\/td>\n<td>187<\/td>\n<td>194<\/td>\n<td>180<\/td>\n<td>194<\/td>\n<td>185<\/td>\n<td>183<\/td>\n<td>456<\/td>\n<td>185<\/td>\n<td>188<\/td>\n<td>&#8211;<\/td>\n<\/tr>\n<\/tbody>\n<\/table>\n<table class=\"table2\">\n<tbody>\n<tr class=\"destacado\">\n<th colspan='2'>Tipo de recogida por fracci\u00f3n<\/th>\n<\/tr>\n<tr class=\"destacado\">\n<th>Cristal<\/th>\n<td>Contenidor\/Contenedor<\/td>\n<\/tr>\n<tr class=\"destacado\">\n<th>Envases ligeros y pl\u00e1sticos<\/th>\n<td>Contenidor\/Contenedor<\/td>\n<\/tr>\n<tr class=\"destacado\">\n<th>Papel y cart\u00f3n<\/th>\n<td>Contenidor\/Contenedor<\/td>\n<\/tr>\n<tr class=\"destacado\">\n<th>Org\u00e1nica<\/th>\n<td>Contenidor\/Contenedor<\/td>\n<\/tr>\n<tr class=\"destacado\">\n<th>Resto<\/th>\n<td>No disposem de contenidor per a fracci\u00f3 RESTO<\/td>\n<\/tr>\n<\/tbody>\n<\/table>\n<table class=\"table2\">\n<tbody>\n<tr class=\"destacado\">\n<th>Empresa cosechadora<\/th>\n<td>RECISA<\/td>\n<\/tr>\n<tr class=\"destacado\">\n<th>Estaci\u00f3n de transferencia<\/th>\n<td>Bufali<\/td>\n<\/tr>\n<tr class=\"destacado\">\n<th>Ecoparque m\u00e1s cercano<\/th>\n<td>Alfarras\u00ed<\/td>\n<\/tr>\n<tr class=\"destacado\">\n<th>\u00bfLa recogida es mancomunada?<\/th>\n<td><\/td>\n<\/tr>\n<\/tbody>\n<\/table>\n<table class=\"table2\">\n<tbody>\n<tr class=\"destacado\">\n<th>Planta de destino de los residuos<\/th>\n<\/tr>\n<tr class=\"datos\">\n<td> Caudete de las Fuentes (Consorcio Valencia Interior, Plan Zonal 4. \u00c1rea de gesti\u00f3n V3) &#8211; Alg\u00edmia d&#8217;Alfara (Consorcio Palancia Belcaire, Plan Zonal 3. \u00c1rea de gesti\u00f3n C3 \/ V1) &#8211; Manises (EMTRE, Plan Zonal V3. \u00c1rea de gesti\u00f3n V2)<\/td>\n<\/tr>\n<\/tbody>\n<\/table>\n<table class=\"table2\">\n<thead>\n<tr class=\"destacado\">\n<th>Tasa<\/th>\n<th class='row-Costos-taxa'>Costes tasa<\/th>\n<th class='row-Emisions-GEI'>Emisiones GEI<\/th>\n<th class='row-Impost-abocador'>Impuesto vertedero<\/th>\n<th class='row-Import-taxa'>Importe tasa<\/th>\n<th class='row-Ranking-en-import-de-la-taxa'>Ranking importe de la tasa<\/th>\n<\/tr>\n<\/thead>\n<tbody>\n<tr class='datos'>\n<td>2015<\/td>\n<td class='row-Costos-taxa'>&#8211;<\/td>\n<td class='row-Emisions-GEI'>&#8211;<\/td>\n<td class='row-Impost-abocador'>&#8211;<\/td>\n<td class='row-Import-taxa'>&#8211;<\/td>\n<td class='row-Ranking-en-import-de-la-taxa'>&#8211;<\/td>\n<\/tr>\n<tr class='datos'>\n<td>2016<\/td>\n<td class='row-Costos-taxa'>&#8211;<\/td>\n<td class='row-Emisions-GEI'>&#8211;<\/td>\n<td class='row-Impost-abocador'>&#8211;<\/td>\n<td class='row-Import-taxa'>42,36\u20ac<\/td>\n<td class='row-Ranking-en-import-de-la-taxa'>36<\/td>\n<\/tr>\n<tr class='datos'>\n<td>2017<\/td>\n<td class='row-Costos-taxa'>&#8211;<\/td>\n<td class='row-Emisions-GEI'>&#8211;<\/td>\n<td class='row-Impost-abocador'>&#8211;<\/td>\n<td class='row-Import-taxa'>39,79\u20ac<\/td>\n<td class='row-Ranking-en-import-de-la-taxa'>9<\/td>\n<\/tr>\n<tr class='datos'>\n<td>2018<\/td>\n<td class='row-Costos-taxa'>&#8211;<\/td>\n<td class='row-Emisions-GEI'>&#8211;<\/td>\n<td class='row-Impost-abocador'>&#8211;<\/td>\n<td class='row-Import-taxa'>61,71\u20ac<\/td>\n<td class='row-Ranking-en-import-de-la-taxa'>28<\/td>\n<\/tr>\n<tr class='datos'>\n<td>2019<\/td>\n<td class='row-Costos-taxa'>&#8211;<\/td>\n<td class='row-Emisions-GEI'>&#8211;<\/td>\n<td class='row-Impost-abocador'>&#8211;<\/td>\n<td class='row-Import-taxa'>65,55\u20ac<\/td>\n<td class='row-Ranking-en-import-de-la-taxa'>36<\/td>\n<\/tr>\n<tr class='datos'>\n<td>2020<\/td>\n<td class='row-Costos-taxa'>&#8211;<\/td>\n<td class='row-Emisions-GEI'>&#8211;<\/td>\n<td class='row-Impost-abocador'>&#8211;<\/td>\n<td class='row-Import-taxa'>70,05\u20ac<\/td>\n<td class='row-Ranking-en-import-de-la-taxa'>46<\/td>\n<\/tr>\n<tr class='datos'>\n<td>2021<\/td>\n<td class='row-Costos-taxa'>&#8211;<\/td>\n<td class='row-Emisions-GEI'>&#8211;<\/td>\n<td class='row-Impost-abocador'>&#8211;<\/td>\n<td class='row-Import-taxa'>75,67\u20ac<\/td>\n<td class='row-Ranking-en-import-de-la-taxa'>43<\/td>\n<\/tr>\n<tr class='datos'>\n<td>2022<\/td>\n<td class='row-Costos-taxa'>&#8211;<\/td>\n<td class='row-Emisions-GEI'>&#8211;<\/td>\n<td class='row-Impost-abocador'>&#8211;<\/td>\n<td class='row-Import-taxa'>77,29\u20ac<\/td>\n<td class='row-Ranking-en-import-de-la-taxa'>40<\/td>\n<\/tr>\n<tr class='datos'>\n<td>2023<\/td>\n<td class='row-Costos-taxa'>&#8211;<\/td>\n<td class='row-Emisions-GEI'>&#8211;<\/td>\n<td class='row-Impost-abocador'>&#8211;<\/td>\n<td class='row-Import-taxa'>84,78\u20ac<\/td>\n<td class='row-Ranking-en-import-de-la-taxa'>50<\/td>\n<\/tr>\n<tr class='datos'>\n<td>2024<\/td>\n<td class='row-Costos-taxa'>&#8211;<\/td>\n<td class='row-Emisions-GEI'>&#8211;<\/td>\n<td class='row-Impost-abocador'>&#8211;<\/td>\n<td class='row-Import-taxa'>83,22\u20ac<\/td>\n<td class='row-Ranking-en-import-de-la-taxa'>48<\/td>\n<\/tr>\n<tr class='datos'>\n<td>2025<\/td>\n<td class='row-Costos-taxa'>86,73\u20ac<\/td>\n<td class='row-Emisions-GEI'>3,27\u20ac<\/td>\n<td class='row-Impost-abocador'>8,81\u20ac<\/td>\n<td class='row-Import-taxa'>98,81\u20ac<\/td>\n<td class='row-Ranking-en-import-de-la-taxa'>46<\/td>\n<\/tr>\n<\/tbody>\n<\/table>\n<table class=\"table3\">\n<thead>\n<tr class=\"destacados\">\n<th><img class='alineadoTextoImagenCentro' src='\/wp-content\/uploads\/2017\/03\/no-seleccionada-4.png' width='30' height='30' border='0' \/>RUM<\/th>\n<th class='row-RUM'>Toneladas de residuos<\/th>\n<th class='row-Ranking-en-la-producci\u00f3-de-residus-per-habitant'>Ranking en la producci\u00f3n de residuos por habitante<\/th>\n<th class='row-Residus-per-habitant-(kg)'>Kg de residuos por habitante<\/th>\n<th class='row-Kg-de-residus-per-habitant-respecte-a-la-comarca'>Kg de residuos por habitante respecto a la comarca<\/th>\n<th class='row-Kg-de-residus-per-habitant-respecte-al-Consorci-V5'>Kg de residuos por habitante respecto al COR<\/th>\n<\/tr>\n<\/thead>\n<tbody>\n<tr class='datos'>\n<td>2015<\/td>\n<td class='row-RUM'>57,17<\/td>\n<td class='row-Ranking-en-la-producci\u00f3-de-residus-per-habitant'>&#8211;<\/td>\n<td class='row-Residus-per-habitant-(kg)'>299,32<\/td>\n<td class='row-Kg-de-residus-per-habitant-respecte-a-la-comarca'>&#8211;<\/td>\n<td class='row-Kg-de-residus-per-habitant-respecte-al-Consorci-V5'>-74,14<\/td>\n<\/tr>\n<tr class='datos'>\n<td>2016<\/td>\n<td class='row-RUM'>55,45<\/td>\n<td class='row-Ranking-en-la-producci\u00f3-de-residus-per-habitant'>8<\/td>\n<td class='row-Residus-per-habitant-(kg)'>296,50<\/td>\n<td class='row-Kg-de-residus-per-habitant-respecte-a-la-comarca'>-13,04<\/td>\n<td class='row-Kg-de-residus-per-habitant-respecte-al-Consorci-V5'>-78,26<\/td>\n<\/tr>\n<tr class='datos'>\n<td>2017<\/td>\n<td class='row-RUM'>56,26<\/td>\n<td class='row-Ranking-en-la-producci\u00f3-de-residus-per-habitant'>7<\/td>\n<td class='row-Residus-per-habitant-(kg)'>289,99<\/td>\n<td class='row-Kg-de-residus-per-habitant-respecte-a-la-comarca'>-29,09<\/td>\n<td class='row-Kg-de-residus-per-habitant-respecte-al-Consorci-V5'>-96,59<\/td>\n<\/tr>\n<tr class='datos'>\n<td>2018<\/td>\n<td class='row-RUM'>57,06<\/td>\n<td class='row-Ranking-en-la-producci\u00f3-de-residus-per-habitant'>45<\/td>\n<td class='row-Residus-per-habitant-(kg)'>317,00<\/td>\n<td class='row-Kg-de-residus-per-habitant-respecte-a-la-comarca'>-0,60<\/td>\n<td class='row-Kg-de-residus-per-habitant-respecte-al-Consorci-V5'>-66,77<\/td>\n<\/tr>\n<tr class='datos'>\n<td>2019<\/td>\n<td class='row-RUM'>60,84<\/td>\n<td class='row-Ranking-en-la-producci\u00f3-de-residus-per-habitant'>58<\/td>\n<td class='row-Residus-per-habitant-(kg)'>338,01<\/td>\n<td class='row-Kg-de-residus-per-habitant-respecte-a-la-comarca'>20,11<\/td>\n<td class='row-Kg-de-residus-per-habitant-respecte-al-Consorci-V5'>-46,17<\/td>\n<\/tr>\n<tr class='datos'>\n<td>2020<\/td>\n<td class='row-RUM'>59,57<\/td>\n<td class='row-Ranking-en-la-producci\u00f3-de-residus-per-habitant'>45<\/td>\n<td class='row-Residus-per-habitant-(kg)'>321,98<\/td>\n<td class='row-Kg-de-residus-per-habitant-respecte-a-la-comarca'>-4,24<\/td>\n<td class='row-Kg-de-residus-per-habitant-respecte-al-Consorci-V5'>-49,48<\/td>\n<\/tr>\n<tr class='datos'>\n<td>2021<\/td>\n<td class='row-RUM'>60,09<\/td>\n<td class='row-Ranking-en-la-producci\u00f3-de-residus-per-habitant'>41<\/td>\n<td class='row-Residus-per-habitant-(kg)'>328,36<\/td>\n<td class='row-Kg-de-residus-per-habitant-respecte-a-la-comarca'>5,36<\/td>\n<td class='row-Kg-de-residus-per-habitant-respecte-al-Consorci-V5'>-51,51<\/td>\n<\/tr>\n<tr class='datos'>\n<td>2022<\/td>\n<td class='row-RUM'>60,12<\/td>\n<td class='row-Ranking-en-la-producci\u00f3-de-residus-per-habitant'>38<\/td>\n<td class='row-Residus-per-habitant-(kg)'>319,78<\/td>\n<td class='row-Kg-de-residus-per-habitant-respecte-a-la-comarca'>-1,63<\/td>\n<td class='row-Kg-de-residus-per-habitant-respecte-al-Consorci-V5'>-57,39<\/td>\n<\/tr>\n<tr class='datos'>\n<td>2023<\/td>\n<td class='row-RUM'>57,06<\/td>\n<td class='row-Ranking-en-la-producci\u00f3-de-residus-per-habitant'>49<\/td>\n<td class='row-Residus-per-habitant-(kg)'>308,43<\/td>\n<td class='row-Kg-de-residus-per-habitant-respecte-a-la-comarca'>7,27<\/td>\n<td class='row-Kg-de-residus-per-habitant-respecte-al-Consorci-V5'>-51,36<\/td>\n<\/tr>\n<tr class='datos'>\n<td>2024<\/td>\n<td class='row-RUM'>56,07<\/td>\n<td class='row-Ranking-en-la-producci\u00f3-de-residus-per-habitant'>33<\/td>\n<td class='row-Residus-per-habitant-(kg)'>298,23<\/td>\n<td class='row-Kg-de-residus-per-habitant-respecte-a-la-comarca'>298,23<\/td>\n<td class='row-Kg-de-residus-per-habitant-respecte-al-Consorci-V5'>-5,56<\/td>\n<\/tr>\n<tr class='datos'>\n<td>2025<\/td>\n<td class='row-RUM'>&#8211;<\/td>\n<td class='row-Ranking-en-la-producci\u00f3-de-residus-per-habitant'>&#8211;<\/td>\n<td class='row-Residus-per-habitant-(kg)'>&#8211;<\/td>\n<td class='row-Kg-de-residus-per-habitant-respecte-a-la-comarca'>&#8211;<\/td>\n<td class='row-Kg-de-residus-per-habitant-respecte-al-Consorci-V5'>&#8211;<\/td>\n<\/tr>\n<\/tbody>\n<\/table>\n<table class=\"table1\">\n<thead>\n<tr class=\"destacados\">\n<th><img class='alineadoTextoImagenCentro' src='\/wp-content\/uploads\/2017\/03\/verd-4.png' width='30' height='30' border='0' \/>Cristal<\/th>\n<th class='row-Kg-de-recollida-selectiva-de-vidre'>Kg de recogida selectiva<\/th>\n<th class='row-R\u00e0nking-en-la-recollida-selectiva-de-vidre-per-habitant'>Ranking en la recogida por habitante<\/th>\n<th class='row-Kg-de-recollida-selectiva-de-vidre-per-habitant'>Kg de recogida selectiva por habitante<\/th>\n<th class='row-Kg-de-recollida-selectiva-de-vidre-per-habitant-respecte-a-la-comarca'>Kg de recogida selectiva respeto a la comarca<\/th>\n<th class='row-Kg-de-recollida-selectiva-de-vidre-per-habitant-respecte-al-Consorci-V5'>Kg de recogida selectiva respecto al COR<\/th>\n<\/tr>\n<\/thead>\n<tbody>\n<tr class='datos'>\n<td>2015<\/td>\n<td class='row-Kg-de-recollida-selectiva-de-vidre'>2.347,00<\/td>\n<td class='row-R\u00e0nking-en-la-recollida-selectiva-de-vidre-per-habitant'>74<\/td>\n<td class='row-Kg-de-recollida-selectiva-de-vidre-per-habitant'>12,29<\/td>\n<td class='row-Kg-de-recollida-selectiva-de-vidre-per-habitant-respecte-a-la-comarca'>-10,09<\/td>\n<td class='row-Kg-de-recollida-selectiva-de-vidre-per-habitant-respecte-al-Consorci-V5'>-3,89<\/td>\n<\/tr>\n<tr class='datos'>\n<td>2016<\/td>\n<td class='row-Kg-de-recollida-selectiva-de-vidre'>4.571,00<\/td>\n<td class='row-R\u00e0nking-en-la-recollida-selectiva-de-vidre-per-habitant'>31<\/td>\n<td class='row-Kg-de-recollida-selectiva-de-vidre-per-habitant'>24,44<\/td>\n<td class='row-Kg-de-recollida-selectiva-de-vidre-per-habitant-respecte-a-la-comarca'>1,72<\/td>\n<td class='row-Kg-de-recollida-selectiva-de-vidre-per-habitant-respecte-al-Consorci-V5'>-4,00<\/td>\n<\/tr>\n<tr class='datos'>\n<td>2017<\/td>\n<td class='row-Kg-de-recollida-selectiva-de-vidre'>4.213,00<\/td>\n<td class='row-R\u00e0nking-en-la-recollida-selectiva-de-vidre-per-habitant'>40<\/td>\n<td class='row-Kg-de-recollida-selectiva-de-vidre-per-habitant'>21,72<\/td>\n<td class='row-Kg-de-recollida-selectiva-de-vidre-per-habitant-respecte-a-la-comarca'>-1,05<\/td>\n<td class='row-Kg-de-recollida-selectiva-de-vidre-per-habitant-respecte-al-Consorci-V5'>-4,13<\/td>\n<\/tr>\n<tr class='datos'>\n<td>2018<\/td>\n<td class='row-Kg-de-recollida-selectiva-de-vidre'>4.560,00<\/td>\n<td class='row-R\u00e0nking-en-la-recollida-selectiva-de-vidre-per-habitant'>31<\/td>\n<td class='row-Kg-de-recollida-selectiva-de-vidre-per-habitant'>25,33<\/td>\n<td class='row-Kg-de-recollida-selectiva-de-vidre-per-habitant-respecte-a-la-comarca'>2,08<\/td>\n<td class='row-Kg-de-recollida-selectiva-de-vidre-per-habitant-respecte-al-Consorci-V5'>-4,62<\/td>\n<\/tr>\n<tr class='datos'>\n<td>2019<\/td>\n<td class='row-Kg-de-recollida-selectiva-de-vidre'>6.383,00<\/td>\n<td class='row-R\u00e0nking-en-la-recollida-selectiva-de-vidre-per-habitant'>17<\/td>\n<td class='row-Kg-de-recollida-selectiva-de-vidre-per-habitant'>35,46<\/td>\n<td class='row-Kg-de-recollida-selectiva-de-vidre-per-habitant-respecte-a-la-comarca'>11,53<\/td>\n<td class='row-Kg-de-recollida-selectiva-de-vidre-per-habitant-respecte-al-Consorci-V5'>-6,25<\/td>\n<\/tr>\n<tr class='datos'>\n<td>2020<\/td>\n<td class='row-Kg-de-recollida-selectiva-de-vidre'>4.912,00<\/td>\n<td class='row-R\u00e0nking-en-la-recollida-selectiva-de-vidre-per-habitant'>22<\/td>\n<td class='row-Kg-de-recollida-selectiva-de-vidre-per-habitant'>26,55<\/td>\n<td class='row-Kg-de-recollida-selectiva-de-vidre-per-habitant-respecte-a-la-comarca'>6,30<\/td>\n<td class='row-Kg-de-recollida-selectiva-de-vidre-per-habitant-respecte-al-Consorci-V5'>8,74<\/td>\n<\/tr>\n<tr class='datos'>\n<td>2021<\/td>\n<td class='row-Kg-de-recollida-selectiva-de-vidre'>2.400,00<\/td>\n<td class='row-R\u00e0nking-en-la-recollida-selectiva-de-vidre-per-habitant'>78<\/td>\n<td class='row-Kg-de-recollida-selectiva-de-vidre-per-habitant'>13,11<\/td>\n<td class='row-Kg-de-recollida-selectiva-de-vidre-per-habitant-respecte-a-la-comarca'>-5,55<\/td>\n<td class='row-Kg-de-recollida-selectiva-de-vidre-per-habitant-respecte-al-Consorci-V5'>-4,22<\/td>\n<\/tr>\n<tr class='datos'>\n<td>2022<\/td>\n<td class='row-Kg-de-recollida-selectiva-de-vidre'>2.200,00<\/td>\n<td class='row-R\u00e0nking-en-la-recollida-selectiva-de-vidre-per-habitant'>87<\/td>\n<td class='row-Kg-de-recollida-selectiva-de-vidre-per-habitant'>11,70<\/td>\n<td class='row-Kg-de-recollida-selectiva-de-vidre-per-habitant-respecte-a-la-comarca'>-7,34<\/td>\n<td class='row-Kg-de-recollida-selectiva-de-vidre-per-habitant-respecte-al-Consorci-V5'>-5,98<\/td>\n<\/tr>\n<tr class='datos'>\n<td>2023<\/td>\n<td class='row-Kg-de-recollida-selectiva-de-vidre'>3.000,00<\/td>\n<td class='row-R\u00e0nking-en-la-recollida-selectiva-de-vidre-per-habitant'>50<\/td>\n<td class='row-Kg-de-recollida-selectiva-de-vidre-per-habitant'>16,22<\/td>\n<td class='row-Kg-de-recollida-selectiva-de-vidre-per-habitant-respecte-a-la-comarca'>-2,09<\/td>\n<td class='row-Kg-de-recollida-selectiva-de-vidre-per-habitant-respecte-al-Consorci-V5'>-0,51<\/td>\n<\/tr>\n<tr class='datos'>\n<td>2024<\/td>\n<td class='row-Kg-de-recollida-selectiva-de-vidre'>2.200,00<\/td>\n<td class='row-R\u00e0nking-en-la-recollida-selectiva-de-vidre-per-habitant'>78<\/td>\n<td class='row-Kg-de-recollida-selectiva-de-vidre-per-habitant'>11,70<\/td>\n<td class='row-Kg-de-recollida-selectiva-de-vidre-per-habitant-respecte-a-la-comarca'>11,70<\/td>\n<td class='row-Kg-de-recollida-selectiva-de-vidre-per-habitant-respecte-al-Consorci-V5'>-5,85<\/td>\n<\/tr>\n<tr class='datos'>\n<td>2025<\/td>\n<td class='row-Kg-de-recollida-selectiva-de-vidre'>&#8211;<\/td>\n<td class='row-R\u00e0nking-en-la-recollida-selectiva-de-vidre-per-habitant'>&#8211;<\/td>\n<td class='row-Kg-de-recollida-selectiva-de-vidre-per-habitant'>&#8211;<\/td>\n<td class='row-Kg-de-recollida-selectiva-de-vidre-per-habitant-respecte-a-la-comarca'>&#8211;<\/td>\n<td class='row-Kg-de-recollida-selectiva-de-vidre-per-habitant-respecte-al-Consorci-V5'>&#8211;<\/td>\n<\/tr>\n<\/tbody>\n<\/table>\n<table class=\"table4\">\n<thead>\n<tr class=\"destacados\">\n<th><img class='alineadoTextoImagenCentro' src='\/wp-content\/uploads\/2017\/03\/groc-4.png' width='30' height='30' border='0' \/>Envases ligeros y pl\u00e1sticos<\/th>\n<th class='row-Kg-de-recollida-selectiva-d'envasos'>Kg de recogida selectiva<\/th>\n<th class='row-R\u00e0nking-en-la-recollida-selectiva-d'envasos-per-habitant'>Ranking en la recogida selectiva por habitante<\/th>\n<th class='row-Kg-de-recollida-selectiva-d'envasos-per-habitant'>Kg de recogida selectiva por habitante<\/th>\n<th class='row-Kg-de-recollida-selectiva-d'envasos-per-habitant-respecte-a-la-comarca'>Kg de recogida selectiva respecto a la comarca<\/th>\n<th class='row-Kg-de-recollida-selectiva-d'envasos-per-habitant-respecte-al-Consorci-V5'>Kg de recogida selectiva respecto al COR<\/th>\n<\/tr>\n<\/thead>\n<tbody>\n<tr class='datos'>\n<td>2015<\/td>\n<td class='row-Kg-de-recollida-selectiva-d'envasos'>&#8211;<\/td>\n<td class='row-R\u00e0nking-en-la-recollida-selectiva-d'envasos-per-habitant'>55<\/td>\n<td class='row-Kg-de-recollida-selectiva-d'envasos-per-habitant'>&#8211;<\/td>\n<td class='row-Kg-de-recollida-selectiva-d'envasos-per-habitant-respecte-a-la-comarca'>-0,30<\/td>\n<td class='row-Kg-de-recollida-selectiva-d'envasos-per-habitant-respecte-al-Consorci-V5'>-6,01<\/td>\n<\/tr>\n<tr class='datos'>\n<td>2016<\/td>\n<td class='row-Kg-de-recollida-selectiva-d'envasos'>1.376,00<\/td>\n<td class='row-R\u00e0nking-en-la-recollida-selectiva-d'envasos-per-habitant'>13<\/td>\n<td class='row-Kg-de-recollida-selectiva-d'envasos-per-habitant'>7,36<\/td>\n<td class='row-Kg-de-recollida-selectiva-d'envasos-per-habitant-respecte-a-la-comarca'>7,36<\/td>\n<td class='row-Kg-de-recollida-selectiva-d'envasos-per-habitant-respecte-al-Consorci-V5'>4,60<\/td>\n<\/tr>\n<tr class='datos'>\n<td>2017<\/td>\n<td class='row-Kg-de-recollida-selectiva-d'envasos'>2.043,00<\/td>\n<td class='row-R\u00e0nking-en-la-recollida-selectiva-d'envasos-per-habitant'>31<\/td>\n<td class='row-Kg-de-recollida-selectiva-d'envasos-per-habitant'>10,53<\/td>\n<td class='row-Kg-de-recollida-selectiva-d'envasos-per-habitant-respecte-a-la-comarca'>10,53<\/td>\n<td class='row-Kg-de-recollida-selectiva-d'envasos-per-habitant-respecte-al-Consorci-V5'>0,27<\/td>\n<\/tr>\n<tr class='datos'>\n<td>2018<\/td>\n<td class='row-Kg-de-recollida-selectiva-d'envasos'>1.407,00<\/td>\n<td class='row-R\u00e0nking-en-la-recollida-selectiva-d'envasos-per-habitant'>57<\/td>\n<td class='row-Kg-de-recollida-selectiva-d'envasos-per-habitant'>7,82<\/td>\n<td class='row-Kg-de-recollida-selectiva-d'envasos-per-habitant-respecte-a-la-comarca'>-3,18<\/td>\n<td class='row-Kg-de-recollida-selectiva-d'envasos-per-habitant-respecte-al-Consorci-V5'>-4,20<\/td>\n<\/tr>\n<tr class='datos'>\n<td>2019<\/td>\n<td class='row-Kg-de-recollida-selectiva-d'envasos'>1.908,00<\/td>\n<td class='row-R\u00e0nking-en-la-recollida-selectiva-d'envasos-per-habitant'>88<\/td>\n<td class='row-Kg-de-recollida-selectiva-d'envasos-per-habitant'>9,84<\/td>\n<td class='row-Kg-de-recollida-selectiva-d'envasos-per-habitant-respecte-a-la-comarca'>-1,57<\/td>\n<td class='row-Kg-de-recollida-selectiva-d'envasos-per-habitant-respecte-al-Consorci-V5'>-1,57<\/td>\n<\/tr>\n<tr class='datos'>\n<td>2020<\/td>\n<td class='row-Kg-de-recollida-selectiva-d'envasos'>2.463,80<\/td>\n<td class='row-R\u00e0nking-en-la-recollida-selectiva-d'envasos-per-habitant'>84<\/td>\n<td class='row-Kg-de-recollida-selectiva-d'envasos-per-habitant'>13,32<\/td>\n<td class='row-Kg-de-recollida-selectiva-d'envasos-per-habitant-respecte-a-la-comarca'>-0,16<\/td>\n<td class='row-Kg-de-recollida-selectiva-d'envasos-per-habitant-respecte-al-Consorci-V5'>-1,37<\/td>\n<\/tr>\n<tr class='datos'>\n<td>2021<\/td>\n<td class='row-Kg-de-recollida-selectiva-d'envasos'>2.553,00<\/td>\n<td class='row-R\u00e0nking-en-la-recollida-selectiva-d'envasos-per-habitant'>78<\/td>\n<td class='row-Kg-de-recollida-selectiva-d'envasos-per-habitant'>13,95<\/td>\n<td class='row-Kg-de-recollida-selectiva-d'envasos-per-habitant-respecte-a-la-comarca'>0,13<\/td>\n<td class='row-Kg-de-recollida-selectiva-d'envasos-per-habitant-respecte-al-Consorci-V5'>-1,12<\/td>\n<\/tr>\n<tr class='datos'>\n<td>2022<\/td>\n<td class='row-Kg-de-recollida-selectiva-d'envasos'>2.293,00<\/td>\n<td class='row-R\u00e0nking-en-la-recollida-selectiva-d'envasos-per-habitant'>92<\/td>\n<td class='row-Kg-de-recollida-selectiva-d'envasos-per-habitant'>12,20<\/td>\n<td class='row-Kg-de-recollida-selectiva-d'envasos-per-habitant-respecte-a-la-comarca'>-6,41<\/td>\n<td class='row-Kg-de-recollida-selectiva-d'envasos-per-habitant-respecte-al-Consorci-V5'>-3,29<\/td>\n<\/tr>\n<tr class='datos'>\n<td>2023<\/td>\n<td class='row-Kg-de-recollida-selectiva-d'envasos'>1.979,50<\/td>\n<td class='row-R\u00e0nking-en-la-recollida-selectiva-d'envasos-per-habitant'>92<\/td>\n<td class='row-Kg-de-recollida-selectiva-d'envasos-per-habitant'>10,70<\/td>\n<td class='row-Kg-de-recollida-selectiva-d'envasos-per-habitant-respecte-a-la-comarca'>-2,69<\/td>\n<td class='row-Kg-de-recollida-selectiva-d'envasos-per-habitant-respecte-al-Consorci-V5'>-4,98<\/td>\n<\/tr>\n<tr class='datos'>\n<td>2024<\/td>\n<td class='row-Kg-de-recollida-selectiva-d'envasos'>2.035,00<\/td>\n<td class='row-R\u00e0nking-en-la-recollida-selectiva-d'envasos-per-habitant'>71<\/td>\n<td class='row-Kg-de-recollida-selectiva-d'envasos-per-habitant'>10,82<\/td>\n<td class='row-Kg-de-recollida-selectiva-d'envasos-per-habitant-respecte-a-la-comarca'>10,82<\/td>\n<td class='row-Kg-de-recollida-selectiva-d'envasos-per-habitant-respecte-al-Consorci-V5'>-7,92<\/td>\n<\/tr>\n<tr class='datos'>\n<td>2025<\/td>\n<td class='row-Kg-de-recollida-selectiva-d'envasos'>&#8211;<\/td>\n<td class='row-R\u00e0nking-en-la-recollida-selectiva-d'envasos-per-habitant'>&#8211;<\/td>\n<td class='row-Kg-de-recollida-selectiva-d'envasos-per-habitant'>&#8211;<\/td>\n<td class='row-Kg-de-recollida-selectiva-d'envasos-per-habitant-respecte-a-la-comarca'>&#8211;<\/td>\n<td class='row-Kg-de-recollida-selectiva-d'envasos-per-habitant-respecte-al-Consorci-V5'>&#8211;<\/td>\n<\/tr>\n<\/tbody>\n<\/table>\n<table class=\"table5\">\n<thead>\n<tr class=\"destacados\">\n<th><img class='alineadoTextoImagenCentro' src='\/wp-content\/uploads\/2017\/03\/blau-4.png' width='30' height='30' border='0' \/>Papel y cart\u00f3n<\/th>\n<th class='row-Kg-de-recollida-selectiva-de-paper'>Kg de recogida selectiva<\/th>\n<th class='row-R\u00e0nking-en-la-recollida-selectiva-d'envasos-per-habitant'>Ranking en la recogida selectiva por habitante<\/th>\n<th class='row-Kg-de-recollida-selectiva-de-paper-per-habitant'>Kg de recogida selectiva por habitante<\/th>\n<th class='row-Kg-de-recollida-selectiva-de-paper-per-habitant-respecte-a-la-comarca'>Kg de recogida selectiva respecto a la comarca<\/th>\n<th class='row-Kg-de-recollida-selectiva-de-paper-per-habitant-respecte-al-Consorci-V5'>Kg de recogida selectiva respecto al COR<\/th>\n<\/tr>\n<\/thead>\n<tbody>\n<tr class='datos'>\n<td>2015<\/td>\n<td class='row-Kg-de-recollida-selectiva-de-paper'>&#8211;<\/td>\n<td class='row-R\u00e0nking-en-la-recollida-selectiva-d'envasos-per-habitant'>55<\/td>\n<td class='row-Kg-de-recollida-selectiva-de-paper-per-habitant'>&#8211;<\/td>\n<td class='row-Kg-de-recollida-selectiva-de-paper-per-habitant-respecte-a-la-comarca'>-1,06<\/td>\n<td class='row-Kg-de-recollida-selectiva-de-paper-per-habitant-respecte-al-Consorci-V5'>-15,60<\/td>\n<\/tr>\n<tr class='datos'>\n<td>2016<\/td>\n<td class='row-Kg-de-recollida-selectiva-de-paper'>1.481,00<\/td>\n<td class='row-R\u00e0nking-en-la-recollida-selectiva-d'envasos-per-habitant'>13<\/td>\n<td class='row-Kg-de-recollida-selectiva-de-paper-per-habitant'>7,92<\/td>\n<td class='row-Kg-de-recollida-selectiva-de-paper-per-habitant-respecte-a-la-comarca'>7,92<\/td>\n<td class='row-Kg-de-recollida-selectiva-de-paper-per-habitant-respecte-al-Consorci-V5'>5,10<\/td>\n<\/tr>\n<tr class='datos'>\n<td>2017<\/td>\n<td class='row-Kg-de-recollida-selectiva-de-paper'>2.023,00<\/td>\n<td class='row-R\u00e0nking-en-la-recollida-selectiva-d'envasos-per-habitant'>31<\/td>\n<td class='row-Kg-de-recollida-selectiva-de-paper-per-habitant'>10,43<\/td>\n<td class='row-Kg-de-recollida-selectiva-de-paper-per-habitant-respecte-a-la-comarca'>10,43<\/td>\n<td class='row-Kg-de-recollida-selectiva-de-paper-per-habitant-respecte-al-Consorci-V5'>-11,18<\/td>\n<\/tr>\n<tr class='datos'>\n<td>2018<\/td>\n<td class='row-Kg-de-recollida-selectiva-de-paper'>1.692,00<\/td>\n<td class='row-R\u00e0nking-en-la-recollida-selectiva-d'envasos-per-habitant'>57<\/td>\n<td class='row-Kg-de-recollida-selectiva-de-paper-per-habitant'>9,00<\/td>\n<td class='row-Kg-de-recollida-selectiva-de-paper-per-habitant-respecte-a-la-comarca'>-1,47<\/td>\n<td class='row-Kg-de-recollida-selectiva-de-paper-per-habitant-respecte-al-Consorci-V5'>-10,96<\/td>\n<\/tr>\n<tr class='datos'>\n<td>2019<\/td>\n<td class='row-Kg-de-recollida-selectiva-de-paper'>1.512,00<\/td>\n<td class='row-R\u00e0nking-en-la-recollida-selectiva-d'envasos-per-habitant'>88<\/td>\n<td class='row-Kg-de-recollida-selectiva-de-paper-per-habitant'>8,00<\/td>\n<td class='row-Kg-de-recollida-selectiva-de-paper-per-habitant-respecte-a-la-comarca'>-3,40<\/td>\n<td class='row-Kg-de-recollida-selectiva-de-paper-per-habitant-respecte-al-Consorci-V5'>-3,40<\/td>\n<\/tr>\n<tr class='datos'>\n<td>2020<\/td>\n<td class='row-Kg-de-recollida-selectiva-de-paper'>1.813,00<\/td>\n<td class='row-R\u00e0nking-en-la-recollida-selectiva-d'envasos-per-habitant'>84<\/td>\n<td class='row-Kg-de-recollida-selectiva-de-paper-per-habitant'>9,80<\/td>\n<td class='row-Kg-de-recollida-selectiva-de-paper-per-habitant-respecte-a-la-comarca'>-4,86<\/td>\n<td class='row-Kg-de-recollida-selectiva-de-paper-per-habitant-respecte-al-Consorci-V5'>-11,57<\/td>\n<\/tr>\n<tr class='datos'>\n<td>2021<\/td>\n<td class='row-Kg-de-recollida-selectiva-de-paper'>1.720,00<\/td>\n<td class='row-R\u00e0nking-en-la-recollida-selectiva-d'envasos-per-habitant'>78<\/td>\n<td class='row-Kg-de-recollida-selectiva-de-paper-per-habitant'>9,40<\/td>\n<td class='row-Kg-de-recollida-selectiva-de-paper-per-habitant-respecte-a-la-comarca'>-24,27<\/td>\n<td class='row-Kg-de-recollida-selectiva-de-paper-per-habitant-respecte-al-Consorci-V5'>-12,28<\/td>\n<\/tr>\n<tr class='datos'>\n<td>2022<\/td>\n<td class='row-Kg-de-recollida-selectiva-de-paper'>1.345,00<\/td>\n<td class='row-R\u00e0nking-en-la-recollida-selectiva-d'envasos-per-habitant'>92<\/td>\n<td class='row-Kg-de-recollida-selectiva-de-paper-per-habitant'>7,15<\/td>\n<td class='row-Kg-de-recollida-selectiva-de-paper-per-habitant-respecte-a-la-comarca'>-5,59<\/td>\n<td class='row-Kg-de-recollida-selectiva-de-paper-per-habitant-respecte-al-Consorci-V5'>-15,10<\/td>\n<\/tr>\n<tr class='datos'>\n<td>2023<\/td>\n<td class='row-Kg-de-recollida-selectiva-de-paper'>1.295,00<\/td>\n<td class='row-R\u00e0nking-en-la-recollida-selectiva-d'envasos-per-habitant'>92<\/td>\n<td class='row-Kg-de-recollida-selectiva-de-paper-per-habitant'>7,00<\/td>\n<td class='row-Kg-de-recollida-selectiva-de-paper-per-habitant-respecte-a-la-comarca'>-5,66<\/td>\n<td class='row-Kg-de-recollida-selectiva-de-paper-per-habitant-respecte-al-Consorci-V5'>-17,29<\/td>\n<\/tr>\n<tr class='datos'>\n<td>2024<\/td>\n<td class='row-Kg-de-recollida-selectiva-de-paper'>2.220,00<\/td>\n<td class='row-R\u00e0nking-en-la-recollida-selectiva-d'envasos-per-habitant'>71<\/td>\n<td class='row-Kg-de-recollida-selectiva-de-paper-per-habitant'>11,81<\/td>\n<td class='row-Kg-de-recollida-selectiva-de-paper-per-habitant-respecte-a-la-comarca'>11,81<\/td>\n<td class='row-Kg-de-recollida-selectiva-de-paper-per-habitant-respecte-al-Consorci-V5'>-11,54<\/td>\n<\/tr>\n<tr class='datos'>\n<td>2025<\/td>\n<td class='row-Kg-de-recollida-selectiva-de-paper'>&#8211;<\/td>\n<td class='row-R\u00e0nking-en-la-recollida-selectiva-d'envasos-per-habitant'>&#8211;<\/td>\n<td class='row-Kg-de-recollida-selectiva-de-paper-per-habitant'>&#8211;<\/td>\n<td class='row-Kg-de-recollida-selectiva-de-paper-per-habitant-respecte-a-la-comarca'>&#8211;<\/td>\n<td class='row-Kg-de-recollida-selectiva-de-paper-per-habitant-respecte-al-Consorci-V5'>&#8211;<\/td>\n<\/tr>\n<\/tbody>\n<\/table>\n<table class=\"table3\">\n<thead>\n<tr class=\"destacados\">\n<th>FORS<\/th>\n<th class='row-Fors-illes'>Toneladas FORS islas<\/th>\n<th class='row-Fors-planta'>Toneladas FORS en planta<\/th>\n<\/tr>\n<\/thead>\n<tbody>\n<tr class='datos'>\n<td>2015<\/td>\n<td class='row-Fors-illes'>&#8211;<\/td>\n<td class='row-Fors-planta'>&#8211;<\/td>\n<\/tr>\n<tr class='datos'>\n<td>2016<\/td>\n<td class='row-Fors-illes'>&#8211;<\/td>\n<td class='row-Fors-planta'>&#8211;<\/td>\n<\/tr>\n<tr class='datos'>\n<td>2017<\/td>\n<td class='row-Fors-illes'>&#8211;<\/td>\n<td class='row-Fors-planta'>&#8211;<\/td>\n<\/tr>\n<tr class='datos'>\n<td>2018<\/td>\n<td class='row-Fors-illes'>&#8211;<\/td>\n<td class='row-Fors-planta'>&#8211;<\/td>\n<\/tr>\n<tr class='datos'>\n<td>2019<\/td>\n<td class='row-Fors-illes'>&#8211;<\/td>\n<td class='row-Fors-planta'>&#8211;<\/td>\n<\/tr>\n<tr class='datos'>\n<td>2020<\/td>\n<td class='row-Fors-illes'>&#8211;<\/td>\n<td class='row-Fors-planta'>&#8211;<\/td>\n<\/tr>\n<tr class='datos'>\n<td>2021<\/td>\n<td class='row-Fors-illes'>&#8211;<\/td>\n<td class='row-Fors-planta'>&#8211;<\/td>\n<\/tr>\n<tr class='datos'>\n<td>2022<\/td>\n<td class='row-Fors-illes'>&#8211;<\/td>\n<td class='row-Fors-planta'>&#8211;<\/td>\n<\/tr>\n<tr class='datos'>\n<td>2023<\/td>\n<td class='row-Fors-illes'>&#8211;<\/td>\n<td class='row-Fors-planta'>&#8211;<\/td>\n<\/tr>\n<tr class='datos'>\n<td>2024<\/td>\n<td class='row-Fors-illes'>&#8211;<\/td>\n<td class='row-Fors-planta'>&#8211;<\/td>\n<\/tr>\n<tr class='datos'>\n<td>2025<\/td>\n<td class='row-Fors-illes'>&#8211;<\/td>\n<td class='row-Fors-planta'>&#8211;<\/td>\n<\/tr>\n<\/tbody>\n<\/table>\n<div style=\"clear:both;\"><\/div>","protected":false},"excerpt":{"rendered":"<p>Benisuera es un municipio de la comarca de La Vall d&#8217;Albaida, en la provincia de Valencia. Tiene 194 habitantes. <br \/>Sistema de Recogida: Recogida de 4 fracciones (papel y cart\u00f3n, pl\u00e1sticos y envases ligeros, vidrio y resto no selectivo) en contenedor<\/p>\n","protected":false},"author":1,"featured_media":13930,"comment_status":"closed","ping_status":"closed","sticky":false,"template":"","format":"standard","meta":{"footnotes":""},"categories":[81],"tags":[],"class_list":["post-14587","post","type-post","status-publish","format-standard","has-post-thumbnail","hentry","category-la-vall-dalbaida-es"],"yoast_head":"<!-- This site is optimized with the Yoast SEO plugin v26.0 - https:\/\/yoast.com\/wordpress\/plugins\/seo\/ -->\n<title>Benisuera - Consorcio de Residuos V5 - COR<\/title>\n<meta name=\"robots\" content=\"index, follow, max-snippet:-1, max-image-preview:large, max-video-preview:-1\" \/>\n<link rel=\"canonical\" href=\"https:\/\/www.consorciresidus.org\/es\/benisuera\/\" \/>\n<meta property=\"og:locale\" content=\"es_ES\" \/>\n<meta property=\"og:type\" content=\"article\" \/>\n<meta property=\"og:title\" content=\"Benisuera - Consorcio de Residuos V5 - COR\" \/>\n<meta property=\"og:description\" content=\"Benisuera es un municipio de la comarca de La Vall d&#039;Albaida, en la provincia de Valencia. Tiene 194 habitantes. Sistema de Recogida: Recogida de 4 fracciones (papel y cart\u00f3n, pl\u00e1sticos y envases ligeros, vidrio y resto no selectivo) en contenedor\" \/>\n<meta property=\"og:url\" content=\"https:\/\/www.consorciresidus.org\/es\/benisuera\/\" \/>\n<meta property=\"og:site_name\" content=\"Consorcio de Residuos V5 - COR\" \/>\n<meta property=\"article:published_time\" content=\"2017-04-20T22:30:30+00:00\" \/>\n<meta property=\"article:modified_time\" content=\"2025-12-11T17:35:10+00:00\" \/>\n<meta property=\"og:image\" content=\"https:\/\/www.consorciresidus.org\/wp-content\/uploads\/2017\/03\/benisuera-2.jpg\" \/>\n\t<meta property=\"og:image:width\" content=\"1600\" \/>\n\t<meta property=\"og:image:height\" content=\"500\" \/>\n\t<meta property=\"og:image:type\" content=\"image\/jpeg\" \/>\n<meta name=\"author\" content=\"Yset\" \/>\n<meta name=\"twitter:card\" content=\"summary_large_image\" \/>\n<meta name=\"twitter:label1\" content=\"Escrito por\" \/>\n\t<meta name=\"twitter:data1\" content=\"Yset\" \/>\n\t<meta name=\"twitter:label2\" content=\"Tiempo de lectura\" \/>\n\t<meta name=\"twitter:data2\" content=\"4 minutos\" \/>\n<script type=\"application\/ld+json\" class=\"yoast-schema-graph\">{\"@context\":\"https:\/\/schema.org\",\"@graph\":[{\"@type\":\"WebPage\",\"@id\":\"https:\/\/www.consorciresidus.org\/es\/benisuera\/\",\"url\":\"https:\/\/www.consorciresidus.org\/es\/benisuera\/\",\"name\":\"Benisuera - Consorcio de Residuos V5 - COR\",\"isPartOf\":{\"@id\":\"https:\/\/www.consorciresidus.org\/#website\"},\"primaryImageOfPage\":{\"@id\":\"https:\/\/www.consorciresidus.org\/es\/benisuera\/#primaryimage\"},\"image\":{\"@id\":\"https:\/\/www.consorciresidus.org\/es\/benisuera\/#primaryimage\"},\"thumbnailUrl\":\"https:\/\/www.consorciresidus.org\/wp-content\/uploads\/2017\/03\/benisuera-2.jpg\",\"datePublished\":\"2017-04-20T22:30:30+00:00\",\"dateModified\":\"2025-12-11T17:35:10+00:00\",\"author\":{\"@id\":\"https:\/\/www.consorciresidus.org\/#\/schema\/person\/3c64584408fdfd16e903e666bd655fa6\"},\"inLanguage\":\"es\",\"potentialAction\":[{\"@type\":\"ReadAction\",\"target\":[\"https:\/\/www.consorciresidus.org\/es\/benisuera\/\"]}]},{\"@type\":\"ImageObject\",\"inLanguage\":\"es\",\"@id\":\"https:\/\/www.consorciresidus.org\/es\/benisuera\/#primaryimage\",\"url\":\"https:\/\/www.consorciresidus.org\/wp-content\/uploads\/2017\/03\/benisuera-2.jpg\",\"contentUrl\":\"https:\/\/www.consorciresidus.org\/wp-content\/uploads\/2017\/03\/benisuera-2.jpg\",\"width\":1600,\"height\":500},{\"@type\":\"WebSite\",\"@id\":\"https:\/\/www.consorciresidus.org\/#website\",\"url\":\"https:\/\/www.consorciresidus.org\/\",\"name\":\"Consorcio de Residuos V5 - COR\",\"description\":\"Consorcio para la gesti\u00f3n de residuos\",\"potentialAction\":[{\"@type\":\"SearchAction\",\"target\":{\"@type\":\"EntryPoint\",\"urlTemplate\":\"https:\/\/www.consorciresidus.org\/?s={search_term_string}\"},\"query-input\":{\"@type\":\"PropertyValueSpecification\",\"valueRequired\":true,\"valueName\":\"search_term_string\"}}],\"inLanguage\":\"es\"},{\"@type\":\"Person\",\"@id\":\"https:\/\/www.consorciresidus.org\/#\/schema\/person\/3c64584408fdfd16e903e666bd655fa6\",\"name\":\"Yset\",\"image\":{\"@type\":\"ImageObject\",\"inLanguage\":\"es\",\"@id\":\"https:\/\/www.consorciresidus.org\/#\/schema\/person\/image\/\",\"url\":\"https:\/\/secure.gravatar.com\/avatar\/f4c946889a39405ca4f37786a11a9859f1168d049122f95466f838aeaa1e4327?s=96&d=mm&r=g\",\"contentUrl\":\"https:\/\/secure.gravatar.com\/avatar\/f4c946889a39405ca4f37786a11a9859f1168d049122f95466f838aeaa1e4327?s=96&d=mm&r=g\",\"caption\":\"Yset\"},\"url\":\"https:\/\/www.consorciresidus.org\/es\/author\/yset2020\/\"}]}<\/script>\n<!-- \/ Yoast SEO plugin. -->","yoast_head_json":{"title":"Benisuera - Consorcio de Residuos V5 - COR","robots":{"index":"index","follow":"follow","max-snippet":"max-snippet:-1","max-image-preview":"max-image-preview:large","max-video-preview":"max-video-preview:-1"},"canonical":"https:\/\/www.consorciresidus.org\/es\/benisuera\/","og_locale":"es_ES","og_type":"article","og_title":"Benisuera - Consorcio de Residuos V5 - COR","og_description":"Benisuera es un municipio de la comarca de La Vall d'Albaida, en la provincia de Valencia. Tiene 194 habitantes. Sistema de Recogida: Recogida de 4 fracciones (papel y cart\u00f3n, pl\u00e1sticos y envases ligeros, vidrio y resto no selectivo) en contenedor","og_url":"https:\/\/www.consorciresidus.org\/es\/benisuera\/","og_site_name":"Consorcio de Residuos V5 - COR","article_published_time":"2017-04-20T22:30:30+00:00","article_modified_time":"2025-12-11T17:35:10+00:00","og_image":[{"width":1600,"height":500,"url":"https:\/\/www.consorciresidus.org\/wp-content\/uploads\/2017\/03\/benisuera-2.jpg","type":"image\/jpeg"}],"author":"Yset","twitter_card":"summary_large_image","twitter_misc":{"Escrito por":"Yset","Tiempo de lectura":"4 minutos"},"schema":{"@context":"https:\/\/schema.org","@graph":[{"@type":"WebPage","@id":"https:\/\/www.consorciresidus.org\/es\/benisuera\/","url":"https:\/\/www.consorciresidus.org\/es\/benisuera\/","name":"Benisuera - Consorcio de Residuos V5 - COR","isPartOf":{"@id":"https:\/\/www.consorciresidus.org\/#website"},"primaryImageOfPage":{"@id":"https:\/\/www.consorciresidus.org\/es\/benisuera\/#primaryimage"},"image":{"@id":"https:\/\/www.consorciresidus.org\/es\/benisuera\/#primaryimage"},"thumbnailUrl":"https:\/\/www.consorciresidus.org\/wp-content\/uploads\/2017\/03\/benisuera-2.jpg","datePublished":"2017-04-20T22:30:30+00:00","dateModified":"2025-12-11T17:35:10+00:00","author":{"@id":"https:\/\/www.consorciresidus.org\/#\/schema\/person\/3c64584408fdfd16e903e666bd655fa6"},"inLanguage":"es","potentialAction":[{"@type":"ReadAction","target":["https:\/\/www.consorciresidus.org\/es\/benisuera\/"]}]},{"@type":"ImageObject","inLanguage":"es","@id":"https:\/\/www.consorciresidus.org\/es\/benisuera\/#primaryimage","url":"https:\/\/www.consorciresidus.org\/wp-content\/uploads\/2017\/03\/benisuera-2.jpg","contentUrl":"https:\/\/www.consorciresidus.org\/wp-content\/uploads\/2017\/03\/benisuera-2.jpg","width":1600,"height":500},{"@type":"WebSite","@id":"https:\/\/www.consorciresidus.org\/#website","url":"https:\/\/www.consorciresidus.org\/","name":"Consorcio de Residuos V5 - COR","description":"Consorcio para la gesti\u00f3n de residuos","potentialAction":[{"@type":"SearchAction","target":{"@type":"EntryPoint","urlTemplate":"https:\/\/www.consorciresidus.org\/?s={search_term_string}"},"query-input":{"@type":"PropertyValueSpecification","valueRequired":true,"valueName":"search_term_string"}}],"inLanguage":"es"},{"@type":"Person","@id":"https:\/\/www.consorciresidus.org\/#\/schema\/person\/3c64584408fdfd16e903e666bd655fa6","name":"Yset","image":{"@type":"ImageObject","inLanguage":"es","@id":"https:\/\/www.consorciresidus.org\/#\/schema\/person\/image\/","url":"https:\/\/secure.gravatar.com\/avatar\/f4c946889a39405ca4f37786a11a9859f1168d049122f95466f838aeaa1e4327?s=96&d=mm&r=g","contentUrl":"https:\/\/secure.gravatar.com\/avatar\/f4c946889a39405ca4f37786a11a9859f1168d049122f95466f838aeaa1e4327?s=96&d=mm&r=g","caption":"Yset"},"url":"https:\/\/www.consorciresidus.org\/es\/author\/yset2020\/"}]}},"_links":{"self":[{"href":"https:\/\/www.consorciresidus.org\/es\/wp-json\/wp\/v2\/posts\/14587","targetHints":{"allow":["GET"]}}],"collection":[{"href":"https:\/\/www.consorciresidus.org\/es\/wp-json\/wp\/v2\/posts"}],"about":[{"href":"https:\/\/www.consorciresidus.org\/es\/wp-json\/wp\/v2\/types\/post"}],"author":[{"embeddable":true,"href":"https:\/\/www.consorciresidus.org\/es\/wp-json\/wp\/v2\/users\/1"}],"replies":[{"embeddable":true,"href":"https:\/\/www.consorciresidus.org\/es\/wp-json\/wp\/v2\/comments?post=14587"}],"version-history":[{"count":35,"href":"https:\/\/www.consorciresidus.org\/es\/wp-json\/wp\/v2\/posts\/14587\/revisions"}],"predecessor-version":[{"id":28149,"href":"https:\/\/www.consorciresidus.org\/es\/wp-json\/wp\/v2\/posts\/14587\/revisions\/28149"}],"wp:featuredmedia":[{"embeddable":true,"href":"https:\/\/www.consorciresidus.org\/es\/wp-json\/wp\/v2\/media\/13930"}],"wp:attachment":[{"href":"https:\/\/www.consorciresidus.org\/es\/wp-json\/wp\/v2\/media?parent=14587"}],"wp:term":[{"taxonomy":"category","embeddable":true,"href":"https:\/\/www.consorciresidus.org\/es\/wp-json\/wp\/v2\/categories?post=14587"},{"taxonomy":"post_tag","embeddable":true,"href":"https:\/\/www.consorciresidus.org\/es\/wp-json\/wp\/v2\/tags?post=14587"}],"curies":[{"name":"wp","href":"https:\/\/api.w.org\/{rel}","templated":true}]}}