 



{"id":14627,"date":"2017-04-20T22:30:54","date_gmt":"2017-04-20T22:30:54","guid":{"rendered":"https:\/\/www.consorciresidus.org\/otos\/"},"modified":"2025-12-11T17:37:10","modified_gmt":"2025-12-11T17:37:10","slug":"otos","status":"publish","type":"post","link":"https:\/\/www.consorciresidus.org\/es\/otos\/","title":{"rendered":"Otos"},"content":{"rendered":"<div class=\"pdfprnt-buttons\"><a href=\"https:\/\/www.consorciresidus.org\/es\/wp-json\/wp\/v2\/posts\/14627?print=pdf\" class=\"pdfprnt-button pdfprnt-button-pdf\" target=\"_blank\"><img decoding=\"async\" src=\"https:\/\/www.consorciresidus.org\/wp-content\/plugins\/pdf-print\/images\/pdf.png\" alt=\"image_pdf\" title=\"Ver PDF\" \/><span class=\"pdfprnt-button-title pdfprnt-button-pdf-title\">Descargar PDF<\/span><\/a><\/div>\n<div class=\"enlacepan\"><a href=\"https:\/\/www.consorciresidus.org\/es\/transparencia\/\">Transparencia<\/a>\u00a0\/ <a href=\"https:\/\/www.consorciresidus.org\/es\/transparencia\/datos-en-tu-poblacion\/\">Datos en tu poblaci\u00f3n<\/a>\u00a0\/ Otos<\/div>\n<table class=\"table2\">\n<tbody>\n<tr class=\"destacado\">\n<th>Municipio<\/th>\n<th>Comarca<\/th>\n<th>Representante del municipio al Cor<\/th>\n<\/tr>\n<tr class=\"datos\">\n<td>Otos<\/td>\n<td>La Vall d&#8217;Albaida<\/td>\n<td>MAR\u00cdA \u00c1NGELES ALFONSO MIRA<\/td>\n<\/tr>\n<\/tbody>\n<\/table>\n<table class=\"table2\">\n<tbody>\n<tr class=\"destacado\">\n<th colspan='11'>N\u00famero de habitantes<\/th>\n<\/tr>\n<tr class=\"destacado\">\n<th>2015<\/th>\n<th>2016<\/th>\n<th>2017<\/th>\n<th>2018<\/th>\n<th>2019<\/th>\n<th>2020<\/th>\n<th>2021<\/th>\n<th>2022<\/th>\n<th>2023<\/th>\n<th>2024<\/th>\n<th>2025<\/th>\n<\/tr>\n<tr class=\"datos\">\n<td>455<\/td>\n<td>448<\/td>\n<td>450<\/td>\n<td>446<\/td>\n<td>434<\/td>\n<td>422<\/td>\n<td>428<\/td>\n<td>428<\/td>\n<td>436<\/td>\n<td>439<\/td>\n<td>&#8211;<\/td>\n<\/tr>\n<\/tbody>\n<\/table>\n<table class=\"table2\">\n<tbody>\n<tr class=\"destacado\">\n<th>Sistema de recogida<\/th>\n<\/tr>\n<tr class=\"datos\">\n<td>Recogida de 5 fracciones: papel y cart\u00f3n, pl\u00e1sticos y envases ligeros, vidrio y resto no selectivo en contenedor; biorresiduos puerta a puerta<\/td>\n<\/tr>\n<\/tbody>\n<\/table>\n<table class=\"table2\">\n<tbody>\n<tr class=\"destacado\">\n<th>Empresa cosechadora<\/th>\n<th>Estaci\u00f3n de transferencia<\/th>\n<th>Ecoparque m\u00e1s cercano<\/th>\n<\/tr>\n<tr class=\"datos\">\n<td>RECISA<\/td>\n<td>Bufali<\/td>\n<td>Alfarras\u00ed<\/td>\n<\/tr>\n<\/tbody>\n<\/table>\n<table class=\"table2\">\n<tbody>\n<tr class=\"destacado\">\n<th>Planta de destino de los residuos<\/th>\n<\/tr>\n<tr class=\"datos\">\n<td> Caudete de las Fuentes (Consorcio Valencia Interior, Plan Zonal 4. \u00c1rea de gesti\u00f3n V3) &#8211; Alg\u00edmia d&#8217;Alfara (Consorcio Palancia Belcaire, Plan Zonal 3. \u00c1rea de gesti\u00f3n C3 \/ V1) &#8211; Manises (EMTRE, Plan Zonal V3. \u00c1rea de gesti\u00f3n V2)<\/td>\n<\/tr>\n<\/tbody>\n<\/table>\n<table class=\"table2\">\n<thead>\n<tr class=\"destacado\">\n<th>Tasa<\/th>\n<th class='row-Costos-taxa'>Costes tasa<\/th>\n<th class='row-Emisions-GEI'>Emisiones GEI<\/th>\n<th class='row-Impost-abocador'>Impuesto vertedero<\/th>\n<th class='row-Import-taxa'>Importe tasa<\/th>\n<th class='row-Ranking-en-import-de-la-taxa'>Ranking importe de la tasa<\/th>\n<\/tr>\n<\/thead>\n<tbody>\n<tr class='datos'>\n<td>2015<\/td>\n<td class='row-Costos-taxa'>&#8211;<\/td>\n<td class='row-Emisions-GEI'>&#8211;<\/td>\n<td class='row-Impost-abocador'>&#8211;<\/td>\n<td class='row-Import-taxa'>&#8211;<\/td>\n<td class='row-Ranking-en-import-de-la-taxa'>&#8211;<\/td>\n<\/tr>\n<tr class='datos'>\n<td>2016<\/td>\n<td class='row-Costos-taxa'>&#8211;<\/td>\n<td class='row-Emisions-GEI'>&#8211;<\/td>\n<td class='row-Impost-abocador'>&#8211;<\/td>\n<td class='row-Import-taxa'>50,75\u20ac<\/td>\n<td class='row-Ranking-en-import-de-la-taxa'>57<\/td>\n<\/tr>\n<tr class='datos'>\n<td>2017<\/td>\n<td class='row-Costos-taxa'>&#8211;<\/td>\n<td class='row-Emisions-GEI'>&#8211;<\/td>\n<td class='row-Impost-abocador'>&#8211;<\/td>\n<td class='row-Import-taxa'>54,27\u20ac<\/td>\n<td class='row-Ranking-en-import-de-la-taxa'>59<\/td>\n<\/tr>\n<tr class='datos'>\n<td>2018<\/td>\n<td class='row-Costos-taxa'>&#8211;<\/td>\n<td class='row-Emisions-GEI'>&#8211;<\/td>\n<td class='row-Impost-abocador'>&#8211;<\/td>\n<td class='row-Import-taxa'>73,92\u20ac<\/td>\n<td class='row-Ranking-en-import-de-la-taxa'>66<\/td>\n<\/tr>\n<tr class='datos'>\n<td>2019<\/td>\n<td class='row-Costos-taxa'>&#8211;<\/td>\n<td class='row-Emisions-GEI'>&#8211;<\/td>\n<td class='row-Impost-abocador'>&#8211;<\/td>\n<td class='row-Import-taxa'>75,79\u20ac<\/td>\n<td class='row-Ranking-en-import-de-la-taxa'>69<\/td>\n<\/tr>\n<tr class='datos'>\n<td>2020<\/td>\n<td class='row-Costos-taxa'>&#8211;<\/td>\n<td class='row-Emisions-GEI'>&#8211;<\/td>\n<td class='row-Impost-abocador'>&#8211;<\/td>\n<td class='row-Import-taxa'>71,60\u20ac<\/td>\n<td class='row-Ranking-en-import-de-la-taxa'>51<\/td>\n<\/tr>\n<tr class='datos'>\n<td>2021<\/td>\n<td class='row-Costos-taxa'>&#8211;<\/td>\n<td class='row-Emisions-GEI'>&#8211;<\/td>\n<td class='row-Impost-abocador'>&#8211;<\/td>\n<td class='row-Import-taxa'>75,07\u20ac<\/td>\n<td class='row-Ranking-en-import-de-la-taxa'>42<\/td>\n<\/tr>\n<tr class='datos'>\n<td>2022<\/td>\n<td class='row-Costos-taxa'>&#8211;<\/td>\n<td class='row-Emisions-GEI'>&#8211;<\/td>\n<td class='row-Impost-abocador'>&#8211;<\/td>\n<td class='row-Import-taxa'>69,39\u20ac<\/td>\n<td class='row-Ranking-en-import-de-la-taxa'>24<\/td>\n<\/tr>\n<tr class='datos'>\n<td>2023<\/td>\n<td class='row-Costos-taxa'>&#8211;<\/td>\n<td class='row-Emisions-GEI'>&#8211;<\/td>\n<td class='row-Impost-abocador'>&#8211;<\/td>\n<td class='row-Import-taxa'>72,71\u20ac<\/td>\n<td class='row-Ranking-en-import-de-la-taxa'>20<\/td>\n<\/tr>\n<tr class='datos'>\n<td>2024<\/td>\n<td class='row-Costos-taxa'>&#8211;<\/td>\n<td class='row-Emisions-GEI'>&#8211;<\/td>\n<td class='row-Impost-abocador'>&#8211;<\/td>\n<td class='row-Import-taxa'>77,29\u20ac<\/td>\n<td class='row-Ranking-en-import-de-la-taxa'>33<\/td>\n<\/tr>\n<tr class='datos'>\n<td>2025<\/td>\n<td class='row-Costos-taxa'>88,29\u20ac<\/td>\n<td class='row-Emisions-GEI'>3,36\u20ac<\/td>\n<td class='row-Impost-abocador'>9,06\u20ac<\/td>\n<td class='row-Import-taxa'>100,71\u20ac<\/td>\n<td class='row-Ranking-en-import-de-la-taxa'>54<\/td>\n<\/tr>\n<\/tbody>\n<\/table>\n<table class=\"table3\">\n<thead>\n<tr class=\"destacados\">\n<th><img class='alineadoTextoImagenCentro' src='\/wp-content\/uploads\/2017\/03\/no-seleccionada-4.png' width='30' height='30' border='0' \/>RUM<\/th>\n<th class='row-RUM'>Toneladas de residuos<\/th>\n<th class='row-Ranking-en-la-producci\u00f3-de-residus-per-habitant'>Ranking en la producci\u00f3n de residuos por habitante<\/th>\n<th class='row-Residus-per-habitant-(kg)'>Kg de residuos por habitante<\/th>\n<th class='row-Kg-de-residus-per-habitant-respecte-a-la-comarca'>Kg de residuos por habitante respecto a la comarca<\/th>\n<th class='row-Kg-de-residus-per-habitant-respecte-al-Consorci-V5'>Kg de residuos por habitante respecto al COR<\/th>\n<\/tr>\n<\/thead>\n<tbody>\n<tr class='datos'>\n<td>2015<\/td>\n<td class='row-RUM'>138,76<\/td>\n<td class='row-Ranking-en-la-producci\u00f3-de-residus-per-habitant'>&#8211;<\/td>\n<td class='row-Residus-per-habitant-(kg)'>304,96<\/td>\n<td class='row-Kg-de-residus-per-habitant-respecte-a-la-comarca'>&#8211;<\/td>\n<td class='row-Kg-de-residus-per-habitant-respecte-al-Consorci-V5'>-68,50<\/td>\n<\/tr>\n<tr class='datos'>\n<td>2016<\/td>\n<td class='row-RUM'>138,66<\/td>\n<td class='row-Ranking-en-la-producci\u00f3-de-residus-per-habitant'>23<\/td>\n<td class='row-Residus-per-habitant-(kg)'>309,51<\/td>\n<td class='row-Kg-de-residus-per-habitant-respecte-a-la-comarca'>-0,03<\/td>\n<td class='row-Kg-de-residus-per-habitant-respecte-al-Consorci-V5'>-65,25<\/td>\n<\/tr>\n<tr class='datos'>\n<td>2017<\/td>\n<td class='row-RUM'>144,25<\/td>\n<td class='row-Ranking-en-la-producci\u00f3-de-residus-per-habitant'>25<\/td>\n<td class='row-Residus-per-habitant-(kg)'>320,56<\/td>\n<td class='row-Kg-de-residus-per-habitant-respecte-a-la-comarca'>1,47<\/td>\n<td class='row-Kg-de-residus-per-habitant-respecte-al-Consorci-V5'>-66,02<\/td>\n<\/tr>\n<tr class='datos'>\n<td>2018<\/td>\n<td class='row-RUM'>140,95<\/td>\n<td class='row-Ranking-en-la-producci\u00f3-de-residus-per-habitant'>37<\/td>\n<td class='row-Residus-per-habitant-(kg)'>316,03<\/td>\n<td class='row-Kg-de-residus-per-habitant-respecte-a-la-comarca'>-1,57<\/td>\n<td class='row-Kg-de-residus-per-habitant-respecte-al-Consorci-V5'>-67,74<\/td>\n<\/tr>\n<tr class='datos'>\n<td>2019<\/td>\n<td class='row-RUM'>131,25<\/td>\n<td class='row-Ranking-en-la-producci\u00f3-de-residus-per-habitant'>9<\/td>\n<td class='row-Residus-per-habitant-(kg)'>294,29<\/td>\n<td class='row-Kg-de-residus-per-habitant-respecte-a-la-comarca'>-23,62<\/td>\n<td class='row-Kg-de-residus-per-habitant-respecte-al-Consorci-V5'>-89,89<\/td>\n<\/tr>\n<tr class='datos'>\n<td>2020<\/td>\n<td class='row-RUM'>121,82<\/td>\n<td class='row-Ranking-en-la-producci\u00f3-de-residus-per-habitant'>9<\/td>\n<td class='row-Residus-per-habitant-(kg)'>288,67<\/td>\n<td class='row-Kg-de-residus-per-habitant-respecte-a-la-comarca'>-37,55<\/td>\n<td class='row-Kg-de-residus-per-habitant-respecte-al-Consorci-V5'>-82,79<\/td>\n<\/tr>\n<tr class='datos'>\n<td>2021<\/td>\n<td class='row-RUM'>106,31<\/td>\n<td class='row-Ranking-en-la-producci\u00f3-de-residus-per-habitant'>12<\/td>\n<td class='row-Residus-per-habitant-(kg)'>302,56<\/td>\n<td class='row-Kg-de-residus-per-habitant-respecte-a-la-comarca'>-20,44<\/td>\n<td class='row-Kg-de-residus-per-habitant-respecte-al-Consorci-V5'>-77,30<\/td>\n<\/tr>\n<tr class='datos'>\n<td>2022<\/td>\n<td class='row-RUM'>123,50<\/td>\n<td class='row-Ranking-en-la-producci\u00f3-de-residus-per-habitant'>60<\/td>\n<td class='row-Residus-per-habitant-(kg)'>347,91<\/td>\n<td class='row-Kg-de-residus-per-habitant-respecte-a-la-comarca'>26,50<\/td>\n<td class='row-Kg-de-residus-per-habitant-respecte-al-Consorci-V5'>-29,27<\/td>\n<\/tr>\n<tr class='datos'>\n<td>2023<\/td>\n<td class='row-RUM'>104,06<\/td>\n<td class='row-Ranking-en-la-producci\u00f3-de-residus-per-habitant'>9<\/td>\n<td class='row-Residus-per-habitant-(kg)'>280,81<\/td>\n<td class='row-Kg-de-residus-per-habitant-respecte-a-la-comarca'>-20,35<\/td>\n<td class='row-Kg-de-residus-per-habitant-respecte-al-Consorci-V5'>-78,98<\/td>\n<\/tr>\n<tr class='datos'>\n<td>2024<\/td>\n<td class='row-RUM'>117,78<\/td>\n<td class='row-Ranking-en-la-producci\u00f3-de-residus-per-habitant'>52<\/td>\n<td class='row-Residus-per-habitant-(kg)'>319,57<\/td>\n<td class='row-Kg-de-residus-per-habitant-respecte-a-la-comarca'>15,78<\/td>\n<td class='row-Kg-de-residus-per-habitant-respecte-al-Consorci-V5'>42,82<\/td>\n<\/tr>\n<tr class='datos'>\n<td>2025<\/td>\n<td class='row-RUM'>&#8211;<\/td>\n<td class='row-Ranking-en-la-producci\u00f3-de-residus-per-habitant'>&#8211;<\/td>\n<td class='row-Residus-per-habitant-(kg)'>&#8211;<\/td>\n<td class='row-Kg-de-residus-per-habitant-respecte-a-la-comarca'>&#8211;<\/td>\n<td class='row-Kg-de-residus-per-habitant-respecte-al-Consorci-V5'>&#8211;<\/td>\n<\/tr>\n<\/tbody>\n<\/table>\n<table class=\"table1\">\n<thead>\n<tr class=\"destacados\">\n<th><img class='alineadoTextoImagenCentro' src='\/wp-content\/uploads\/2017\/03\/verd-4.png' width='30' height='30' border='0' \/>Cristal<\/th>\n<th class='row-Kg-de-recollida-selectiva-de-vidre'>Kg de recogida selectiva<\/th>\n<th class='row-R\u00e0nking-en-la-recollida-selectiva-de-vidre-per-habitant'>Ranking en la recogida por habitante<\/th>\n<th class='row-Kg-de-recollida-selectiva-de-vidre-per-habitant'>Kg de recogida selectiva por habitante<\/th>\n<th class='row-Kg-de-recollida-selectiva-de-vidre-per-habitant-respecte-a-la-comarca'>Kg de recogida selectiva respeto a la comarca<\/th>\n<th class='row-Kg-de-recollida-selectiva-de-vidre-per-habitant-respecte-al-Consorci-V5'>Kg de recogida selectiva respecto al COR<\/th>\n<\/tr>\n<\/thead>\n<tbody>\n<tr class='datos'>\n<td>2015<\/td>\n<td class='row-Kg-de-recollida-selectiva-de-vidre'>8.672,00<\/td>\n<td class='row-R\u00e0nking-en-la-recollida-selectiva-de-vidre-per-habitant'>44<\/td>\n<td class='row-Kg-de-recollida-selectiva-de-vidre-per-habitant'>19,06<\/td>\n<td class='row-Kg-de-recollida-selectiva-de-vidre-per-habitant-respecte-a-la-comarca'>-3,32<\/td>\n<td class='row-Kg-de-recollida-selectiva-de-vidre-per-habitant-respecte-al-Consorci-V5'>92,14<\/td>\n<\/tr>\n<tr class='datos'>\n<td>2016<\/td>\n<td class='row-Kg-de-recollida-selectiva-de-vidre'>6.818,00<\/td>\n<td class='row-R\u00e0nking-en-la-recollida-selectiva-de-vidre-per-habitant'>69<\/td>\n<td class='row-Kg-de-recollida-selectiva-de-vidre-per-habitant'>15,22<\/td>\n<td class='row-Kg-de-recollida-selectiva-de-vidre-per-habitant-respecte-a-la-comarca'>-7,51<\/td>\n<td class='row-Kg-de-recollida-selectiva-de-vidre-per-habitant-respecte-al-Consorci-V5'>18,97<\/td>\n<\/tr>\n<tr class='datos'>\n<td>2017<\/td>\n<td class='row-Kg-de-recollida-selectiva-de-vidre'>6.153,00<\/td>\n<td class='row-R\u00e0nking-en-la-recollida-selectiva-de-vidre-per-habitant'>78<\/td>\n<td class='row-Kg-de-recollida-selectiva-de-vidre-per-habitant'>13,67<\/td>\n<td class='row-Kg-de-recollida-selectiva-de-vidre-per-habitant-respecte-a-la-comarca'>-9,10<\/td>\n<td class='row-Kg-de-recollida-selectiva-de-vidre-per-habitant-respecte-al-Consorci-V5'>18,61<\/td>\n<\/tr>\n<tr class='datos'>\n<td>2018<\/td>\n<td class='row-Kg-de-recollida-selectiva-de-vidre'>6.271,00<\/td>\n<td class='row-R\u00e0nking-en-la-recollida-selectiva-de-vidre-per-habitant'>80<\/td>\n<td class='row-Kg-de-recollida-selectiva-de-vidre-per-habitant'>14,06<\/td>\n<td class='row-Kg-de-recollida-selectiva-de-vidre-per-habitant-respecte-a-la-comarca'>-9,19<\/td>\n<td class='row-Kg-de-recollida-selectiva-de-vidre-per-habitant-respecte-al-Consorci-V5'>18,74<\/td>\n<\/tr>\n<tr class='datos'>\n<td>2019<\/td>\n<td class='row-Kg-de-recollida-selectiva-de-vidre'>4.742,00<\/td>\n<td class='row-R\u00e0nking-en-la-recollida-selectiva-de-vidre-per-habitant'>88<\/td>\n<td class='row-Kg-de-recollida-selectiva-de-vidre-per-habitant'>10,63<\/td>\n<td class='row-Kg-de-recollida-selectiva-de-vidre-per-habitant-respecte-a-la-comarca'>-13,30<\/td>\n<td class='row-Kg-de-recollida-selectiva-de-vidre-per-habitant-respecte-al-Consorci-V5'>18,89<\/td>\n<\/tr>\n<tr class='datos'>\n<td>2020<\/td>\n<td class='row-Kg-de-recollida-selectiva-de-vidre'>12.691,00<\/td>\n<td class='row-R\u00e0nking-en-la-recollida-selectiva-de-vidre-per-habitant'>16<\/td>\n<td class='row-Kg-de-recollida-selectiva-de-vidre-per-habitant'>30,07<\/td>\n<td class='row-Kg-de-recollida-selectiva-de-vidre-per-habitant-respecte-a-la-comarca'>9,82<\/td>\n<td class='row-Kg-de-recollida-selectiva-de-vidre-per-habitant-respecte-al-Consorci-V5'>12,26<\/td>\n<\/tr>\n<tr class='datos'>\n<td>2021<\/td>\n<td class='row-Kg-de-recollida-selectiva-de-vidre'>12.900,00<\/td>\n<td class='row-R\u00e0nking-en-la-recollida-selectiva-de-vidre-per-habitant'>10<\/td>\n<td class='row-Kg-de-recollida-selectiva-de-vidre-per-habitant'>30,14<\/td>\n<td class='row-Kg-de-recollida-selectiva-de-vidre-per-habitant-respecte-a-la-comarca'>11,66<\/td>\n<td class='row-Kg-de-recollida-selectiva-de-vidre-per-habitant-respecte-al-Consorci-V5'>12,80<\/td>\n<\/tr>\n<tr class='datos'>\n<td>2022<\/td>\n<td class='row-Kg-de-recollida-selectiva-de-vidre'>12.720,00<\/td>\n<td class='row-R\u00e0nking-en-la-recollida-selectiva-de-vidre-per-habitant'>11<\/td>\n<td class='row-Kg-de-recollida-selectiva-de-vidre-per-habitant'>29,72<\/td>\n<td class='row-Kg-de-recollida-selectiva-de-vidre-per-habitant-respecte-a-la-comarca'>10,67<\/td>\n<td class='row-Kg-de-recollida-selectiva-de-vidre-per-habitant-respecte-al-Consorci-V5'>12,04<\/td>\n<\/tr>\n<tr class='datos'>\n<td>2023<\/td>\n<td class='row-Kg-de-recollida-selectiva-de-vidre'>14.000,00<\/td>\n<td class='row-R\u00e0nking-en-la-recollida-selectiva-de-vidre-per-habitant'>8<\/td>\n<td class='row-Kg-de-recollida-selectiva-de-vidre-per-habitant'>32,11<\/td>\n<td class='row-Kg-de-recollida-selectiva-de-vidre-per-habitant-respecte-a-la-comarca'>13,80<\/td>\n<td class='row-Kg-de-recollida-selectiva-de-vidre-per-habitant-respecte-al-Consorci-V5'>15,38<\/td>\n<\/tr>\n<tr class='datos'>\n<td>2024<\/td>\n<td class='row-Kg-de-recollida-selectiva-de-vidre'>11.900,00<\/td>\n<td class='row-R\u00e0nking-en-la-recollida-selectiva-de-vidre-per-habitant'>11<\/td>\n<td class='row-Kg-de-recollida-selectiva-de-vidre-per-habitant'>27,11<\/td>\n<td class='row-Kg-de-recollida-selectiva-de-vidre-per-habitant-respecte-a-la-comarca'>9,55<\/td>\n<td class='row-Kg-de-recollida-selectiva-de-vidre-per-habitant-respecte-al-Consorci-V5'>8,57<\/td>\n<\/tr>\n<tr class='datos'>\n<td>2025<\/td>\n<td class='row-Kg-de-recollida-selectiva-de-vidre'>&#8211;<\/td>\n<td class='row-R\u00e0nking-en-la-recollida-selectiva-de-vidre-per-habitant'>&#8211;<\/td>\n<td class='row-Kg-de-recollida-selectiva-de-vidre-per-habitant'>&#8211;<\/td>\n<td class='row-Kg-de-recollida-selectiva-de-vidre-per-habitant-respecte-a-la-comarca'>&#8211;<\/td>\n<td class='row-Kg-de-recollida-selectiva-de-vidre-per-habitant-respecte-al-Consorci-V5'>&#8211;<\/td>\n<\/tr>\n<\/tbody>\n<\/table>\n<table class=\"table4\">\n<thead>\n<tr class=\"destacados\">\n<th><img class='alineadoTextoImagenCentro' src='\/wp-content\/uploads\/2017\/03\/groc-4.png' width='30' height='30' border='0' \/>Envases ligeros y pl\u00e1sticos<\/th>\n<th class='row-Kg-de-recollida-selectiva-d'envasos'>Kg de recogida selectiva<\/th>\n<th class='row-R\u00e0nking-en-la-recollida-selectiva-d'envasos-per-habitant'>Ranking en la recogida selectiva por habitante<\/th>\n<th class='row-Kg-de-recollida-selectiva-d'envasos-per-habitant'>Kg de recogida selectiva por habitante<\/th>\n<th class='row-Kg-de-recollida-selectiva-d'envasos-per-habitant-respecte-a-la-comarca'>Kg de recogida selectiva respecto a la comarca<\/th>\n<th class='row-Kg-de-recollida-selectiva-d'envasos-per-habitant-respecte-al-Consorci-V5'>Kg de recogida selectiva respecto al COR<\/th>\n<\/tr>\n<\/thead>\n<tbody>\n<tr class='datos'>\n<td>2015<\/td>\n<td class='row-Kg-de-recollida-selectiva-d'envasos'>&#8211;<\/td>\n<td class='row-R\u00e0nking-en-la-recollida-selectiva-d'envasos-per-habitant'>55<\/td>\n<td class='row-Kg-de-recollida-selectiva-d'envasos-per-habitant'>&#8211;<\/td>\n<td class='row-Kg-de-recollida-selectiva-d'envasos-per-habitant-respecte-a-la-comarca'>-0,30<\/td>\n<td class='row-Kg-de-recollida-selectiva-d'envasos-per-habitant-respecte-al-Consorci-V5'>-6,01<\/td>\n<\/tr>\n<tr class='datos'>\n<td>2016<\/td>\n<td class='row-Kg-de-recollida-selectiva-d'envasos'>3.277,00<\/td>\n<td class='row-R\u00e0nking-en-la-recollida-selectiva-d'envasos-per-habitant'>15<\/td>\n<td class='row-Kg-de-recollida-selectiva-d'envasos-per-habitant'>7,32<\/td>\n<td class='row-Kg-de-recollida-selectiva-d'envasos-per-habitant-respecte-a-la-comarca'>7,32<\/td>\n<td class='row-Kg-de-recollida-selectiva-d'envasos-per-habitant-respecte-al-Consorci-V5'>4,56<\/td>\n<\/tr>\n<tr class='datos'>\n<td>2017<\/td>\n<td class='row-Kg-de-recollida-selectiva-d'envasos'>4.738,00<\/td>\n<td class='row-R\u00e0nking-en-la-recollida-selectiva-d'envasos-per-habitant'>31<\/td>\n<td class='row-Kg-de-recollida-selectiva-d'envasos-per-habitant'>10,53<\/td>\n<td class='row-Kg-de-recollida-selectiva-d'envasos-per-habitant-respecte-a-la-comarca'>10,53<\/td>\n<td class='row-Kg-de-recollida-selectiva-d'envasos-per-habitant-respecte-al-Consorci-V5'>0,27<\/td>\n<\/tr>\n<tr class='datos'>\n<td>2018<\/td>\n<td class='row-Kg-de-recollida-selectiva-d'envasos'>3.265,00<\/td>\n<td class='row-R\u00e0nking-en-la-recollida-selectiva-d'envasos-per-habitant'>72<\/td>\n<td class='row-Kg-de-recollida-selectiva-d'envasos-per-habitant'>7,32<\/td>\n<td class='row-Kg-de-recollida-selectiva-d'envasos-per-habitant-respecte-a-la-comarca'>-3,68<\/td>\n<td class='row-Kg-de-recollida-selectiva-d'envasos-per-habitant-respecte-al-Consorci-V5'>-4,70<\/td>\n<\/tr>\n<tr class='datos'>\n<td>2019<\/td>\n<td class='row-Kg-de-recollida-selectiva-d'envasos'>6.556,20<\/td>\n<td class='row-R\u00e0nking-en-la-recollida-selectiva-d'envasos-per-habitant'>33<\/td>\n<td class='row-Kg-de-recollida-selectiva-d'envasos-per-habitant'>15,11<\/td>\n<td class='row-Kg-de-recollida-selectiva-d'envasos-per-habitant-respecte-a-la-comarca'>2,53<\/td>\n<td class='row-Kg-de-recollida-selectiva-d'envasos-per-habitant-respecte-al-Consorci-V5'>2,53<\/td>\n<\/tr>\n<tr class='datos'>\n<td>2020<\/td>\n<td class='row-Kg-de-recollida-selectiva-d'envasos'>8.072,40<\/td>\n<td class='row-R\u00e0nking-en-la-recollida-selectiva-d'envasos-per-habitant'>30<\/td>\n<td class='row-Kg-de-recollida-selectiva-d'envasos-per-habitant'>19,13<\/td>\n<td class='row-Kg-de-recollida-selectiva-d'envasos-per-habitant-respecte-a-la-comarca'>5,66<\/td>\n<td class='row-Kg-de-recollida-selectiva-d'envasos-per-habitant-respecte-al-Consorci-V5'>4,44<\/td>\n<\/tr>\n<tr class='datos'>\n<td>2021<\/td>\n<td class='row-Kg-de-recollida-selectiva-d'envasos'>7.385,00<\/td>\n<td class='row-R\u00e0nking-en-la-recollida-selectiva-d'envasos-per-habitant'>36<\/td>\n<td class='row-Kg-de-recollida-selectiva-d'envasos-per-habitant'>17,25<\/td>\n<td class='row-Kg-de-recollida-selectiva-d'envasos-per-habitant-respecte-a-la-comarca'>3,44<\/td>\n<td class='row-Kg-de-recollida-selectiva-d'envasos-per-habitant-respecte-al-Consorci-V5'>2,19<\/td>\n<\/tr>\n<tr class='datos'>\n<td>2022<\/td>\n<td class='row-Kg-de-recollida-selectiva-d'envasos'>7.436,00<\/td>\n<td class='row-R\u00e0nking-en-la-recollida-selectiva-d'envasos-per-habitant'>35<\/td>\n<td class='row-Kg-de-recollida-selectiva-d'envasos-per-habitant'>17,37<\/td>\n<td class='row-Kg-de-recollida-selectiva-d'envasos-per-habitant-respecte-a-la-comarca'>-1,23<\/td>\n<td class='row-Kg-de-recollida-selectiva-d'envasos-per-habitant-respecte-al-Consorci-V5'>1,89<\/td>\n<\/tr>\n<tr class='datos'>\n<td>2023<\/td>\n<td class='row-Kg-de-recollida-selectiva-d'envasos'>7.019,60<\/td>\n<td class='row-R\u00e0nking-en-la-recollida-selectiva-d'envasos-per-habitant'>35<\/td>\n<td class='row-Kg-de-recollida-selectiva-d'envasos-per-habitant'>16,10<\/td>\n<td class='row-Kg-de-recollida-selectiva-d'envasos-per-habitant-respecte-a-la-comarca'>2,71<\/td>\n<td class='row-Kg-de-recollida-selectiva-d'envasos-per-habitant-respecte-al-Consorci-V5'>0,42<\/td>\n<\/tr>\n<tr class='datos'>\n<td>2024<\/td>\n<td class='row-Kg-de-recollida-selectiva-d'envasos'>6.234,80<\/td>\n<td class='row-R\u00e0nking-en-la-recollida-selectiva-d'envasos-per-habitant'>34<\/td>\n<td class='row-Kg-de-recollida-selectiva-d'envasos-per-habitant'>14,20<\/td>\n<td class='row-Kg-de-recollida-selectiva-d'envasos-per-habitant-respecte-a-la-comarca'>-4,54<\/td>\n<td class='row-Kg-de-recollida-selectiva-d'envasos-per-habitant-respecte-al-Consorci-V5'>-8,05<\/td>\n<\/tr>\n<tr class='datos'>\n<td>2025<\/td>\n<td class='row-Kg-de-recollida-selectiva-d'envasos'>&#8211;<\/td>\n<td class='row-R\u00e0nking-en-la-recollida-selectiva-d'envasos-per-habitant'>&#8211;<\/td>\n<td class='row-Kg-de-recollida-selectiva-d'envasos-per-habitant'>&#8211;<\/td>\n<td class='row-Kg-de-recollida-selectiva-d'envasos-per-habitant-respecte-a-la-comarca'>&#8211;<\/td>\n<td class='row-Kg-de-recollida-selectiva-d'envasos-per-habitant-respecte-al-Consorci-V5'>&#8211;<\/td>\n<\/tr>\n<\/tbody>\n<\/table>\n<table class=\"table5\">\n<thead>\n<tr class=\"destacados\">\n<th><img class='alineadoTextoImagenCentro' src='\/wp-content\/uploads\/2017\/03\/blau-4.png' width='30' height='30' border='0' \/>Papel y cart\u00f3n<\/th>\n<th class='row-Kg-de-recollida-selectiva-de-paper'>Kg de recogida selectiva<\/th>\n<th class='row-R\u00e0nking-en-la-recollida-selectiva-d'envasos-per-habitant'>Ranking en la recogida selectiva por habitante<\/th>\n<th class='row-Kg-de-recollida-selectiva-de-paper-per-habitant'>Kg de recogida selectiva por habitante<\/th>\n<th class='row-Kg-de-recollida-selectiva-de-paper-per-habitant-respecte-a-la-comarca'>Kg de recogida selectiva respecto a la comarca<\/th>\n<th class='row-Kg-de-recollida-selectiva-de-paper-per-habitant-respecte-al-Consorci-V5'>Kg de recogida selectiva respecto al COR<\/th>\n<\/tr>\n<\/thead>\n<tbody>\n<tr class='datos'>\n<td>2015<\/td>\n<td class='row-Kg-de-recollida-selectiva-de-paper'>&#8211;<\/td>\n<td class='row-R\u00e0nking-en-la-recollida-selectiva-d'envasos-per-habitant'>55<\/td>\n<td class='row-Kg-de-recollida-selectiva-de-paper-per-habitant'>&#8211;<\/td>\n<td class='row-Kg-de-recollida-selectiva-de-paper-per-habitant-respecte-a-la-comarca'>-1,06<\/td>\n<td class='row-Kg-de-recollida-selectiva-de-paper-per-habitant-respecte-al-Consorci-V5'>-15,60<\/td>\n<\/tr>\n<tr class='datos'>\n<td>2016<\/td>\n<td class='row-Kg-de-recollida-selectiva-de-paper'>3.528,00<\/td>\n<td class='row-R\u00e0nking-en-la-recollida-selectiva-d'envasos-per-habitant'>15<\/td>\n<td class='row-Kg-de-recollida-selectiva-de-paper-per-habitant'>7,87<\/td>\n<td class='row-Kg-de-recollida-selectiva-de-paper-per-habitant-respecte-a-la-comarca'>7,87<\/td>\n<td class='row-Kg-de-recollida-selectiva-de-paper-per-habitant-respecte-al-Consorci-V5'>5,05<\/td>\n<\/tr>\n<tr class='datos'>\n<td>2017<\/td>\n<td class='row-Kg-de-recollida-selectiva-de-paper'>4.693,00<\/td>\n<td class='row-R\u00e0nking-en-la-recollida-selectiva-d'envasos-per-habitant'>31<\/td>\n<td class='row-Kg-de-recollida-selectiva-de-paper-per-habitant'>10,43<\/td>\n<td class='row-Kg-de-recollida-selectiva-de-paper-per-habitant-respecte-a-la-comarca'>10,43<\/td>\n<td class='row-Kg-de-recollida-selectiva-de-paper-per-habitant-respecte-al-Consorci-V5'>-11,18<\/td>\n<\/tr>\n<tr class='datos'>\n<td>2018<\/td>\n<td class='row-Kg-de-recollida-selectiva-de-paper'>3.923,00<\/td>\n<td class='row-R\u00e0nking-en-la-recollida-selectiva-d'envasos-per-habitant'>72<\/td>\n<td class='row-Kg-de-recollida-selectiva-de-paper-per-habitant'>9,00<\/td>\n<td class='row-Kg-de-recollida-selectiva-de-paper-per-habitant-respecte-a-la-comarca'>-2,07<\/td>\n<td class='row-Kg-de-recollida-selectiva-de-paper-per-habitant-respecte-al-Consorci-V5'>-11,56<\/td>\n<\/tr>\n<tr class='datos'>\n<td>2019<\/td>\n<td class='row-Kg-de-recollida-selectiva-de-paper'>8.028,00<\/td>\n<td class='row-R\u00e0nking-en-la-recollida-selectiva-d'envasos-per-habitant'>33<\/td>\n<td class='row-Kg-de-recollida-selectiva-de-paper-per-habitant'>18,00<\/td>\n<td class='row-Kg-de-recollida-selectiva-de-paper-per-habitant-respecte-a-la-comarca'>6,20<\/td>\n<td class='row-Kg-de-recollida-selectiva-de-paper-per-habitant-respecte-al-Consorci-V5'>6,20<\/td>\n<\/tr>\n<tr class='datos'>\n<td>2020<\/td>\n<td class='row-Kg-de-recollida-selectiva-de-paper'>8.651,00<\/td>\n<td class='row-R\u00e0nking-en-la-recollida-selectiva-d'envasos-per-habitant'>30<\/td>\n<td class='row-Kg-de-recollida-selectiva-de-paper-per-habitant'>20,50<\/td>\n<td class='row-Kg-de-recollida-selectiva-de-paper-per-habitant-respecte-a-la-comarca'>4,74<\/td>\n<td class='row-Kg-de-recollida-selectiva-de-paper-per-habitant-respecte-al-Consorci-V5'>-0,87<\/td>\n<\/tr>\n<tr class='datos'>\n<td>2021<\/td>\n<td class='row-Kg-de-recollida-selectiva-de-paper'>7.427,00<\/td>\n<td class='row-R\u00e0nking-en-la-recollida-selectiva-d'envasos-per-habitant'>36<\/td>\n<td class='row-Kg-de-recollida-selectiva-de-paper-per-habitant'>17,35<\/td>\n<td class='row-Kg-de-recollida-selectiva-de-paper-per-habitant-respecte-a-la-comarca'>-16,31<\/td>\n<td class='row-Kg-de-recollida-selectiva-de-paper-per-habitant-respecte-al-Consorci-V5'>-4,32<\/td>\n<\/tr>\n<tr class='datos'>\n<td>2022<\/td>\n<td class='row-Kg-de-recollida-selectiva-de-paper'>7.786,00<\/td>\n<td class='row-R\u00e0nking-en-la-recollida-selectiva-d'envasos-per-habitant'>35<\/td>\n<td class='row-Kg-de-recollida-selectiva-de-paper-per-habitant'>18,19<\/td>\n<td class='row-Kg-de-recollida-selectiva-de-paper-per-habitant-respecte-a-la-comarca'>5,45<\/td>\n<td class='row-Kg-de-recollida-selectiva-de-paper-per-habitant-respecte-al-Consorci-V5'>-4,06<\/td>\n<\/tr>\n<tr class='datos'>\n<td>2023<\/td>\n<td class='row-Kg-de-recollida-selectiva-de-paper'>8.284,00<\/td>\n<td class='row-R\u00e0nking-en-la-recollida-selectiva-d'envasos-per-habitant'>35<\/td>\n<td class='row-Kg-de-recollida-selectiva-de-paper-per-habitant'>19,00<\/td>\n<td class='row-Kg-de-recollida-selectiva-de-paper-per-habitant-respecte-a-la-comarca'>6,34<\/td>\n<td class='row-Kg-de-recollida-selectiva-de-paper-per-habitant-respecte-al-Consorci-V5'>-5,29<\/td>\n<\/tr>\n<tr class='datos'>\n<td>2024<\/td>\n<td class='row-Kg-de-recollida-selectiva-de-paper'>8.327,60<\/td>\n<td class='row-R\u00e0nking-en-la-recollida-selectiva-d'envasos-per-habitant'>34<\/td>\n<td class='row-Kg-de-recollida-selectiva-de-paper-per-habitant'>18,97<\/td>\n<td class='row-Kg-de-recollida-selectiva-de-paper-per-habitant-respecte-a-la-comarca'>-4,38<\/td>\n<td class='row-Kg-de-recollida-selectiva-de-paper-per-habitant-respecte-al-Consorci-V5'>-30,18<\/td>\n<\/tr>\n<tr class='datos'>\n<td>2025<\/td>\n<td class='row-Kg-de-recollida-selectiva-de-paper'>&#8211;<\/td>\n<td class='row-R\u00e0nking-en-la-recollida-selectiva-d'envasos-per-habitant'>&#8211;<\/td>\n<td class='row-Kg-de-recollida-selectiva-de-paper-per-habitant'>&#8211;<\/td>\n<td class='row-Kg-de-recollida-selectiva-de-paper-per-habitant-respecte-a-la-comarca'>&#8211;<\/td>\n<td class='row-Kg-de-recollida-selectiva-de-paper-per-habitant-respecte-al-Consorci-V5'>&#8211;<\/td>\n<\/tr>\n<\/tbody>\n<\/table>\n<table class=\"table3\">\n<thead>\n<tr class=\"destacados\">\n<th>FORS<\/th>\n<th class='row-Fors-illes'>Toneladas FORS islas<\/th>\n<th class='row-Fors-planta'>Toneladas FORS en planta<\/th>\n<\/tr>\n<\/thead>\n<tbody>\n<tr class='datos'>\n<td>2015<\/td>\n<td class='row-Fors-illes'>&#8211;<\/td>\n<td class='row-Fors-planta'>&#8211;<\/td>\n<\/tr>\n<tr class='datos'>\n<td>2016<\/td>\n<td class='row-Fors-illes'>&#8211;<\/td>\n<td class='row-Fors-planta'>&#8211;<\/td>\n<\/tr>\n<tr class='datos'>\n<td>2017<\/td>\n<td class='row-Fors-illes'>&#8211;<\/td>\n<td class='row-Fors-planta'>&#8211;<\/td>\n<\/tr>\n<tr class='datos'>\n<td>2018<\/td>\n<td class='row-Fors-illes'>&#8211;<\/td>\n<td class='row-Fors-planta'>&#8211;<\/td>\n<\/tr>\n<tr class='datos'>\n<td>2019<\/td>\n<td class='row-Fors-illes'>&#8211;<\/td>\n<td class='row-Fors-planta'>&#8211;<\/td>\n<\/tr>\n<tr class='datos'>\n<td>2020<\/td>\n<td class='row-Fors-illes'>13,39<\/td>\n<td class='row-Fors-planta'>&#8211;<\/td>\n<\/tr>\n<tr class='datos'>\n<td>2021<\/td>\n<td class='row-Fors-illes'>23,19<\/td>\n<td class='row-Fors-planta'>&#8211;<\/td>\n<\/tr>\n<tr class='datos'>\n<td>2022<\/td>\n<td class='row-Fors-illes'>25,41<\/td>\n<td class='row-Fors-planta'>&#8211;<\/td>\n<\/tr>\n<tr class='datos'>\n<td>2023<\/td>\n<td class='row-Fors-illes'>18,37<\/td>\n<td class='row-Fors-planta'>&#8211;<\/td>\n<\/tr>\n<tr class='datos'>\n<td>2024<\/td>\n<td class='row-Fors-illes'>22,51<\/td>\n<td class='row-Fors-planta'>&#8211;<\/td>\n<\/tr>\n<tr class='datos'>\n<td>2025<\/td>\n<td class='row-Fors-illes'>&#8211;<\/td>\n<td class='row-Fors-planta'>&#8211;<\/td>\n<\/tr>\n<\/tbody>\n<\/table>\n<div style=\"clear:both;\"><\/div>","protected":false},"excerpt":{"rendered":"<p>Otos es un municipio de la comarca de La Vall d&#8217;Albaida, en la provincia de Valencia. Tiene 450 habitantes. <br \/>Sistema de Recogida: Recogida  puerta a puerta para biorresiduos. Fracciones (papel y cart\u00f3n, pl\u00e1sticos y envases ligeros, vidrio y resto no selectivo) en contenedor<\/p>\n","protected":false},"author":1,"featured_media":13954,"comment_status":"closed","ping_status":"closed","sticky":false,"template":"","format":"standard","meta":{"footnotes":""},"categories":[81],"tags":[],"class_list":["post-14627","post","type-post","status-publish","format-standard","has-post-thumbnail","hentry","category-la-vall-dalbaida-es"],"yoast_head":"<!-- This site is optimized with the Yoast SEO plugin v26.0 - https:\/\/yoast.com\/wordpress\/plugins\/seo\/ -->\n<title>Otos - Consorcio de Residuos V5 - COR<\/title>\n<meta name=\"robots\" content=\"index, follow, max-snippet:-1, max-image-preview:large, max-video-preview:-1\" \/>\n<link rel=\"canonical\" href=\"https:\/\/www.consorciresidus.org\/es\/otos\/\" \/>\n<meta property=\"og:locale\" content=\"es_ES\" \/>\n<meta property=\"og:type\" content=\"article\" \/>\n<meta property=\"og:title\" content=\"Otos - Consorcio de Residuos V5 - COR\" \/>\n<meta property=\"og:description\" content=\"Otos es un municipio de la comarca de La Vall d&#039;Albaida, en la provincia de Valencia. Tiene 450 habitantes. Sistema de Recogida: Recogida puerta a puerta para biorresiduos. Fracciones (papel y cart\u00f3n, pl\u00e1sticos y envases ligeros, vidrio y resto no selectivo) en contenedor\" \/>\n<meta property=\"og:url\" content=\"https:\/\/www.consorciresidus.org\/es\/otos\/\" \/>\n<meta property=\"og:site_name\" content=\"Consorcio de Residuos V5 - COR\" \/>\n<meta property=\"article:published_time\" content=\"2017-04-20T22:30:54+00:00\" \/>\n<meta property=\"article:modified_time\" content=\"2025-12-11T17:37:10+00:00\" \/>\n<meta property=\"og:image\" content=\"https:\/\/www.consorciresidus.org\/wp-content\/uploads\/2017\/03\/otos.jpg\" \/>\n\t<meta property=\"og:image:width\" content=\"1600\" \/>\n\t<meta property=\"og:image:height\" content=\"500\" \/>\n\t<meta property=\"og:image:type\" content=\"image\/jpeg\" \/>\n<meta name=\"author\" content=\"Yset\" \/>\n<meta name=\"twitter:card\" content=\"summary_large_image\" \/>\n<meta name=\"twitter:label1\" content=\"Escrito por\" \/>\n\t<meta name=\"twitter:data1\" content=\"Yset\" \/>\n\t<meta name=\"twitter:label2\" content=\"Tiempo de lectura\" \/>\n\t<meta name=\"twitter:data2\" content=\"4 minutos\" \/>\n<script type=\"application\/ld+json\" class=\"yoast-schema-graph\">{\"@context\":\"https:\/\/schema.org\",\"@graph\":[{\"@type\":\"WebPage\",\"@id\":\"https:\/\/www.consorciresidus.org\/es\/otos\/\",\"url\":\"https:\/\/www.consorciresidus.org\/es\/otos\/\",\"name\":\"Otos - Consorcio de Residuos V5 - COR\",\"isPartOf\":{\"@id\":\"https:\/\/www.consorciresidus.org\/#website\"},\"primaryImageOfPage\":{\"@id\":\"https:\/\/www.consorciresidus.org\/es\/otos\/#primaryimage\"},\"image\":{\"@id\":\"https:\/\/www.consorciresidus.org\/es\/otos\/#primaryimage\"},\"thumbnailUrl\":\"https:\/\/www.consorciresidus.org\/wp-content\/uploads\/2017\/03\/otos.jpg\",\"datePublished\":\"2017-04-20T22:30:54+00:00\",\"dateModified\":\"2025-12-11T17:37:10+00:00\",\"author\":{\"@id\":\"https:\/\/www.consorciresidus.org\/#\/schema\/person\/3c64584408fdfd16e903e666bd655fa6\"},\"inLanguage\":\"es\",\"potentialAction\":[{\"@type\":\"ReadAction\",\"target\":[\"https:\/\/www.consorciresidus.org\/es\/otos\/\"]}]},{\"@type\":\"ImageObject\",\"inLanguage\":\"es\",\"@id\":\"https:\/\/www.consorciresidus.org\/es\/otos\/#primaryimage\",\"url\":\"https:\/\/www.consorciresidus.org\/wp-content\/uploads\/2017\/03\/otos.jpg\",\"contentUrl\":\"https:\/\/www.consorciresidus.org\/wp-content\/uploads\/2017\/03\/otos.jpg\",\"width\":1600,\"height\":500},{\"@type\":\"WebSite\",\"@id\":\"https:\/\/www.consorciresidus.org\/#website\",\"url\":\"https:\/\/www.consorciresidus.org\/\",\"name\":\"Consorcio de Residuos V5 - COR\",\"description\":\"Consorcio para la gesti\u00f3n de residuos\",\"potentialAction\":[{\"@type\":\"SearchAction\",\"target\":{\"@type\":\"EntryPoint\",\"urlTemplate\":\"https:\/\/www.consorciresidus.org\/?s={search_term_string}\"},\"query-input\":{\"@type\":\"PropertyValueSpecification\",\"valueRequired\":true,\"valueName\":\"search_term_string\"}}],\"inLanguage\":\"es\"},{\"@type\":\"Person\",\"@id\":\"https:\/\/www.consorciresidus.org\/#\/schema\/person\/3c64584408fdfd16e903e666bd655fa6\",\"name\":\"Yset\",\"image\":{\"@type\":\"ImageObject\",\"inLanguage\":\"es\",\"@id\":\"https:\/\/www.consorciresidus.org\/#\/schema\/person\/image\/\",\"url\":\"https:\/\/secure.gravatar.com\/avatar\/f4c946889a39405ca4f37786a11a9859f1168d049122f95466f838aeaa1e4327?s=96&d=mm&r=g\",\"contentUrl\":\"https:\/\/secure.gravatar.com\/avatar\/f4c946889a39405ca4f37786a11a9859f1168d049122f95466f838aeaa1e4327?s=96&d=mm&r=g\",\"caption\":\"Yset\"},\"url\":\"https:\/\/www.consorciresidus.org\/es\/author\/yset2020\/\"}]}<\/script>\n<!-- \/ Yoast SEO plugin. -->","yoast_head_json":{"title":"Otos - Consorcio de Residuos V5 - COR","robots":{"index":"index","follow":"follow","max-snippet":"max-snippet:-1","max-image-preview":"max-image-preview:large","max-video-preview":"max-video-preview:-1"},"canonical":"https:\/\/www.consorciresidus.org\/es\/otos\/","og_locale":"es_ES","og_type":"article","og_title":"Otos - Consorcio de Residuos V5 - COR","og_description":"Otos es un municipio de la comarca de La Vall d'Albaida, en la provincia de Valencia. Tiene 450 habitantes. Sistema de Recogida: Recogida puerta a puerta para biorresiduos. Fracciones (papel y cart\u00f3n, pl\u00e1sticos y envases ligeros, vidrio y resto no selectivo) en contenedor","og_url":"https:\/\/www.consorciresidus.org\/es\/otos\/","og_site_name":"Consorcio de Residuos V5 - COR","article_published_time":"2017-04-20T22:30:54+00:00","article_modified_time":"2025-12-11T17:37:10+00:00","og_image":[{"width":1600,"height":500,"url":"https:\/\/www.consorciresidus.org\/wp-content\/uploads\/2017\/03\/otos.jpg","type":"image\/jpeg"}],"author":"Yset","twitter_card":"summary_large_image","twitter_misc":{"Escrito por":"Yset","Tiempo de lectura":"4 minutos"},"schema":{"@context":"https:\/\/schema.org","@graph":[{"@type":"WebPage","@id":"https:\/\/www.consorciresidus.org\/es\/otos\/","url":"https:\/\/www.consorciresidus.org\/es\/otos\/","name":"Otos - Consorcio de Residuos V5 - COR","isPartOf":{"@id":"https:\/\/www.consorciresidus.org\/#website"},"primaryImageOfPage":{"@id":"https:\/\/www.consorciresidus.org\/es\/otos\/#primaryimage"},"image":{"@id":"https:\/\/www.consorciresidus.org\/es\/otos\/#primaryimage"},"thumbnailUrl":"https:\/\/www.consorciresidus.org\/wp-content\/uploads\/2017\/03\/otos.jpg","datePublished":"2017-04-20T22:30:54+00:00","dateModified":"2025-12-11T17:37:10+00:00","author":{"@id":"https:\/\/www.consorciresidus.org\/#\/schema\/person\/3c64584408fdfd16e903e666bd655fa6"},"inLanguage":"es","potentialAction":[{"@type":"ReadAction","target":["https:\/\/www.consorciresidus.org\/es\/otos\/"]}]},{"@type":"ImageObject","inLanguage":"es","@id":"https:\/\/www.consorciresidus.org\/es\/otos\/#primaryimage","url":"https:\/\/www.consorciresidus.org\/wp-content\/uploads\/2017\/03\/otos.jpg","contentUrl":"https:\/\/www.consorciresidus.org\/wp-content\/uploads\/2017\/03\/otos.jpg","width":1600,"height":500},{"@type":"WebSite","@id":"https:\/\/www.consorciresidus.org\/#website","url":"https:\/\/www.consorciresidus.org\/","name":"Consorcio de Residuos V5 - COR","description":"Consorcio para la gesti\u00f3n de residuos","potentialAction":[{"@type":"SearchAction","target":{"@type":"EntryPoint","urlTemplate":"https:\/\/www.consorciresidus.org\/?s={search_term_string}"},"query-input":{"@type":"PropertyValueSpecification","valueRequired":true,"valueName":"search_term_string"}}],"inLanguage":"es"},{"@type":"Person","@id":"https:\/\/www.consorciresidus.org\/#\/schema\/person\/3c64584408fdfd16e903e666bd655fa6","name":"Yset","image":{"@type":"ImageObject","inLanguage":"es","@id":"https:\/\/www.consorciresidus.org\/#\/schema\/person\/image\/","url":"https:\/\/secure.gravatar.com\/avatar\/f4c946889a39405ca4f37786a11a9859f1168d049122f95466f838aeaa1e4327?s=96&d=mm&r=g","contentUrl":"https:\/\/secure.gravatar.com\/avatar\/f4c946889a39405ca4f37786a11a9859f1168d049122f95466f838aeaa1e4327?s=96&d=mm&r=g","caption":"Yset"},"url":"https:\/\/www.consorciresidus.org\/es\/author\/yset2020\/"}]}},"_links":{"self":[{"href":"https:\/\/www.consorciresidus.org\/es\/wp-json\/wp\/v2\/posts\/14627","targetHints":{"allow":["GET"]}}],"collection":[{"href":"https:\/\/www.consorciresidus.org\/es\/wp-json\/wp\/v2\/posts"}],"about":[{"href":"https:\/\/www.consorciresidus.org\/es\/wp-json\/wp\/v2\/types\/post"}],"author":[{"embeddable":true,"href":"https:\/\/www.consorciresidus.org\/es\/wp-json\/wp\/v2\/users\/1"}],"replies":[{"embeddable":true,"href":"https:\/\/www.consorciresidus.org\/es\/wp-json\/wp\/v2\/comments?post=14627"}],"version-history":[{"count":38,"href":"https:\/\/www.consorciresidus.org\/es\/wp-json\/wp\/v2\/posts\/14627\/revisions"}],"predecessor-version":[{"id":28229,"href":"https:\/\/www.consorciresidus.org\/es\/wp-json\/wp\/v2\/posts\/14627\/revisions\/28229"}],"wp:featuredmedia":[{"embeddable":true,"href":"https:\/\/www.consorciresidus.org\/es\/wp-json\/wp\/v2\/media\/13954"}],"wp:attachment":[{"href":"https:\/\/www.consorciresidus.org\/es\/wp-json\/wp\/v2\/media?parent=14627"}],"wp:term":[{"taxonomy":"category","embeddable":true,"href":"https:\/\/www.consorciresidus.org\/es\/wp-json\/wp\/v2\/categories?post=14627"},{"taxonomy":"post_tag","embeddable":true,"href":"https:\/\/www.consorciresidus.org\/es\/wp-json\/wp\/v2\/tags?post=14627"}],"curies":[{"name":"wp","href":"https:\/\/api.w.org\/{rel}","templated":true}]}}