 



{"id":14630,"date":"2017-04-20T22:30:54","date_gmt":"2017-04-20T22:30:54","guid":{"rendered":"https:\/\/www.consorciresidus.org\/palomar\/"},"modified":"2025-12-11T17:37:12","modified_gmt":"2025-12-11T17:37:12","slug":"palomar","status":"publish","type":"post","link":"https:\/\/www.consorciresidus.org\/es\/palomar\/","title":{"rendered":"Palomar"},"content":{"rendered":"<div class=\"pdfprnt-buttons\"><a href=\"https:\/\/www.consorciresidus.org\/es\/wp-json\/wp\/v2\/posts\/14630?print=pdf\" class=\"pdfprnt-button pdfprnt-button-pdf\" target=\"_blank\"><img decoding=\"async\" src=\"https:\/\/www.consorciresidus.org\/wp-content\/plugins\/pdf-print\/images\/pdf.png\" alt=\"image_pdf\" title=\"Ver PDF\" \/><span class=\"pdfprnt-button-title pdfprnt-button-pdf-title\">Descargar PDF<\/span><\/a><\/div>\n<div class=\"enlacepan\"><a href=\"https:\/\/www.consorciresidus.org\/es\/transparencia\/\">Transparencia<\/a>\u00a0\/ <a href=\"https:\/\/www.consorciresidus.org\/es\/transparencia\/datos-en-tu-poblacion\/\">Datos en tu poblaci\u00f3n<\/a>\u00a0\/ El Palomar<\/div>\n<table class=\"table2\">\n<tbody>\n<tr class=\"destacado\">\n<th>Municipio<\/th>\n<th>Comarca<\/th>\n<th>Representante del municipio al Cor<\/th>\n<\/tr>\n<tr class=\"datos\">\n<td>El Palomar<\/td>\n<td>La Vall d&#8217;Albaida<\/td>\n<td>No consorciat<\/td>\n<\/tr>\n<\/tbody>\n<\/table>\n<table class=\"table2\">\n<tbody>\n<tr class=\"destacado\">\n<th colspan='11'>N\u00famero de habitantes<\/th>\n<\/tr>\n<tr class=\"destacado\">\n<th>2015<\/th>\n<th>2016<\/th>\n<th>2017<\/th>\n<th>2018<\/th>\n<th>2019<\/th>\n<th>2020<\/th>\n<th>2021<\/th>\n<th>2022<\/th>\n<th>2023<\/th>\n<th>2024<\/th>\n<th>2025<\/th>\n<\/tr>\n<tr class=\"datos\">\n<td>588<\/td>\n<td>581<\/td>\n<td>579<\/td>\n<td>576<\/td>\n<td>590<\/td>\n<td>567<\/td>\n<td>562<\/td>\n<td>566<\/td>\n<td>574<\/td>\n<td>605<\/td>\n<td>&#8211;<\/td>\n<\/tr>\n<\/tbody>\n<\/table>\n<table class=\"table2\">\n<tbody>\n<tr class=\"destacado\">\n<th colspan='2'>Tipo de recogida por fracci\u00f3n<\/th>\n<\/tr>\n<tr class=\"destacado\">\n<th>Cristal<\/th>\n<td>Contenidor\/Contenedor<\/td>\n<\/tr>\n<tr class=\"destacado\">\n<th>Envases ligeros y pl\u00e1sticos<\/th>\n<td>Contenidor\/Contenedor<\/td>\n<\/tr>\n<tr class=\"destacado\">\n<th>Papel y cart\u00f3n<\/th>\n<td>Contenidor\/Contenedor<\/td>\n<\/tr>\n<tr class=\"destacado\">\n<th>Org\u00e1nica<\/th>\n<td>Contenidor\/Contenedor<\/td>\n<\/tr>\n<tr class=\"destacado\">\n<th>Resto<\/th>\n<td>Contenidor\/Contenedor<\/td>\n<\/tr>\n<\/tbody>\n<\/table>\n<table class=\"table2\">\n<tbody>\n<tr class=\"destacado\">\n<th>Empresa cosechadora<\/th>\n<td>RECISA<\/td>\n<\/tr>\n<tr class=\"destacado\">\n<th>Estaci\u00f3n de transferencia<\/th>\n<td>Bufali<\/td>\n<\/tr>\n<tr class=\"destacado\">\n<th>Ecoparque m\u00e1s cercano<\/th>\n<td>Alfarras\u00ed<\/td>\n<\/tr>\n<tr class=\"destacado\">\n<th>\u00bfLa recogida es mancomunada?<\/th>\n<td><\/td>\n<\/tr>\n<\/tbody>\n<\/table>\n<table class=\"table2\">\n<tbody>\n<tr class=\"destacado\">\n<th>Planta de destino de los residuos<\/th>\n<\/tr>\n<tr class=\"datos\">\n<td> Caudete de las Fuentes (Consorcio Valencia Interior, Plan Zonal 4. \u00c1rea de gesti\u00f3n V3) &#8211; Alg\u00edmia d&#8217;Alfara (Consorcio Palancia Belcaire, Plan Zonal 3. \u00c1rea de gesti\u00f3n C3 \/ V1) &#8211; Manises (EMTRE, Plan Zonal V3. \u00c1rea de gesti\u00f3n V2)<\/td>\n<\/tr>\n<\/tbody>\n<\/table>\n<table class=\"table2\">\n<thead>\n<tr class=\"destacado\">\n<th>Tasa<\/th>\n<th class='row-Costos-taxa'>Costes tasa<\/th>\n<th class='row-Emisions-GEI'>Emisiones GEI<\/th>\n<th class='row-Impost-abocador'>Impuesto vertedero<\/th>\n<th class='row-Import-taxa'>Importe tasa<\/th>\n<th class='row-Ranking-en-import-de-la-taxa'>Ranking importe de la tasa<\/th>\n<\/tr>\n<\/thead>\n<tbody>\n<tr class='datos'>\n<td>2015<\/td>\n<td class='row-Costos-taxa'>&#8211;<\/td>\n<td class='row-Emisions-GEI'>&#8211;<\/td>\n<td class='row-Impost-abocador'>&#8211;<\/td>\n<td class='row-Import-taxa'>&#8211;<\/td>\n<td class='row-Ranking-en-import-de-la-taxa'>&#8211;<\/td>\n<\/tr>\n<tr class='datos'>\n<td>2016<\/td>\n<td class='row-Costos-taxa'>&#8211;<\/td>\n<td class='row-Emisions-GEI'>&#8211;<\/td>\n<td class='row-Impost-abocador'>&#8211;<\/td>\n<td class='row-Import-taxa'>35,90\u20ac<\/td>\n<td class='row-Ranking-en-import-de-la-taxa'>17<\/td>\n<\/tr>\n<tr class='datos'>\n<td>2017<\/td>\n<td class='row-Costos-taxa'>&#8211;<\/td>\n<td class='row-Emisions-GEI'>&#8211;<\/td>\n<td class='row-Impost-abocador'>&#8211;<\/td>\n<td class='row-Import-taxa'>45,67\u20ac<\/td>\n<td class='row-Ranking-en-import-de-la-taxa'>29<\/td>\n<\/tr>\n<tr class='datos'>\n<td>2018<\/td>\n<td class='row-Costos-taxa'>&#8211;<\/td>\n<td class='row-Emisions-GEI'>&#8211;<\/td>\n<td class='row-Impost-abocador'>&#8211;<\/td>\n<td class='row-Import-taxa'>57,95\u20ac<\/td>\n<td class='row-Ranking-en-import-de-la-taxa'>17<\/td>\n<\/tr>\n<tr class='datos'>\n<td>2019<\/td>\n<td class='row-Costos-taxa'>&#8211;<\/td>\n<td class='row-Emisions-GEI'>&#8211;<\/td>\n<td class='row-Impost-abocador'>&#8211;<\/td>\n<td class='row-Import-taxa'>57,29\u20ac<\/td>\n<td class='row-Ranking-en-import-de-la-taxa'>16<\/td>\n<\/tr>\n<tr class='datos'>\n<td>2020<\/td>\n<td class='row-Costos-taxa'>&#8211;<\/td>\n<td class='row-Emisions-GEI'>&#8211;<\/td>\n<td class='row-Impost-abocador'>&#8211;<\/td>\n<td class='row-Import-taxa'>60,62\u20ac<\/td>\n<td class='row-Ranking-en-import-de-la-taxa'>20<\/td>\n<\/tr>\n<tr class='datos'>\n<td>2021<\/td>\n<td class='row-Costos-taxa'>&#8211;<\/td>\n<td class='row-Emisions-GEI'>&#8211;<\/td>\n<td class='row-Impost-abocador'>&#8211;<\/td>\n<td class='row-Import-taxa'>64,00\u20ac<\/td>\n<td class='row-Ranking-en-import-de-la-taxa'>18<\/td>\n<\/tr>\n<tr class='datos'>\n<td>2022<\/td>\n<td class='row-Costos-taxa'>&#8211;<\/td>\n<td class='row-Emisions-GEI'>&#8211;<\/td>\n<td class='row-Impost-abocador'>&#8211;<\/td>\n<td class='row-Import-taxa'>67,72\u20ac<\/td>\n<td class='row-Ranking-en-import-de-la-taxa'>20<\/td>\n<\/tr>\n<tr class='datos'>\n<td>2023<\/td>\n<td class='row-Costos-taxa'>&#8211;<\/td>\n<td class='row-Emisions-GEI'>&#8211;<\/td>\n<td class='row-Impost-abocador'>&#8211;<\/td>\n<td class='row-Import-taxa'>71,17\u20ac<\/td>\n<td class='row-Ranking-en-import-de-la-taxa'>17<\/td>\n<\/tr>\n<tr class='datos'>\n<td>2024<\/td>\n<td class='row-Costos-taxa'>&#8211;<\/td>\n<td class='row-Emisions-GEI'>&#8211;<\/td>\n<td class='row-Impost-abocador'>&#8211;<\/td>\n<td class='row-Import-taxa'>72,81\u20ac<\/td>\n<td class='row-Ranking-en-import-de-la-taxa'>20<\/td>\n<\/tr>\n<tr class='datos'>\n<td>2025<\/td>\n<td class='row-Costos-taxa'>74,29\u20ac<\/td>\n<td class='row-Emisions-GEI'>2,55\u20ac<\/td>\n<td class='row-Impost-abocador'>6,86\u20ac<\/td>\n<td class='row-Import-taxa'>83,70\u20ac<\/td>\n<td class='row-Ranking-en-import-de-la-taxa'>15<\/td>\n<\/tr>\n<\/tbody>\n<\/table>\n<table class=\"table3\">\n<thead>\n<tr class=\"destacados\">\n<th><img class='alineadoTextoImagenCentro' src='\/wp-content\/uploads\/2017\/03\/no-seleccionada-4.png' width='30' height='30' border='0' \/>RUM<\/th>\n<th class='row-RUM'>Toneladas de residuos<\/th>\n<th class='row-Ranking-en-la-producci\u00f3-de-residus-per-habitant'>Ranking en la producci\u00f3n de residuos por habitante<\/th>\n<th class='row-Residus-per-habitant-(kg)'>Kg de residuos por habitante<\/th>\n<th class='row-Kg-de-residus-per-habitant-respecte-a-la-comarca'>Kg de residuos por habitante respecto a la comarca<\/th>\n<th class='row-Kg-de-residus-per-habitant-respecte-al-Consorci-V5'>Kg de residuos por habitante respecto al COR<\/th>\n<\/tr>\n<\/thead>\n<tbody>\n<tr class='datos'>\n<td>2015<\/td>\n<td class='row-RUM'>178,06<\/td>\n<td class='row-Ranking-en-la-producci\u00f3-de-residus-per-habitant'>&#8211;<\/td>\n<td class='row-Residus-per-habitant-(kg)'>302,82<\/td>\n<td class='row-Kg-de-residus-per-habitant-respecte-a-la-comarca'>&#8211;<\/td>\n<td class='row-Kg-de-residus-per-habitant-respecte-al-Consorci-V5'>-70,64<\/td>\n<\/tr>\n<tr class='datos'>\n<td>2016<\/td>\n<td class='row-RUM'>195,53<\/td>\n<td class='row-Ranking-en-la-producci\u00f3-de-residus-per-habitant'>55<\/td>\n<td class='row-Residus-per-habitant-(kg)'>336,55<\/td>\n<td class='row-Kg-de-residus-per-habitant-respecte-a-la-comarca'>27,00<\/td>\n<td class='row-Kg-de-residus-per-habitant-respecte-al-Consorci-V5'>-38,22<\/td>\n<\/tr>\n<tr class='datos'>\n<td>2017<\/td>\n<td class='row-RUM'>189,02<\/td>\n<td class='row-Ranking-en-la-producci\u00f3-de-residus-per-habitant'>35<\/td>\n<td class='row-Residus-per-habitant-(kg)'>326,45<\/td>\n<td class='row-Kg-de-residus-per-habitant-respecte-a-la-comarca'>7,37<\/td>\n<td class='row-Kg-de-residus-per-habitant-respecte-al-Consorci-V5'>-60,13<\/td>\n<\/tr>\n<tr class='datos'>\n<td>2018<\/td>\n<td class='row-RUM'>181,21<\/td>\n<td class='row-Ranking-en-la-producci\u00f3-de-residus-per-habitant'>18<\/td>\n<td class='row-Residus-per-habitant-(kg)'>314,60<\/td>\n<td class='row-Kg-de-residus-per-habitant-respecte-a-la-comarca'>-3,00<\/td>\n<td class='row-Kg-de-residus-per-habitant-respecte-al-Consorci-V5'>-69,17<\/td>\n<\/tr>\n<tr class='datos'>\n<td>2019<\/td>\n<td class='row-RUM'>193,87<\/td>\n<td class='row-Ranking-en-la-producci\u00f3-de-residus-per-habitant'>55<\/td>\n<td class='row-Residus-per-habitant-(kg)'>336,57<\/td>\n<td class='row-Kg-de-residus-per-habitant-respecte-a-la-comarca'>18,67<\/td>\n<td class='row-Kg-de-residus-per-habitant-respecte-al-Consorci-V5'>-47,61<\/td>\n<\/tr>\n<tr class='datos'>\n<td>2020<\/td>\n<td class='row-RUM'>181,67<\/td>\n<td class='row-Ranking-en-la-producci\u00f3-de-residus-per-habitant'>24<\/td>\n<td class='row-Residus-per-habitant-(kg)'>320,41<\/td>\n<td class='row-Kg-de-residus-per-habitant-respecte-a-la-comarca'>-5,81<\/td>\n<td class='row-Kg-de-residus-per-habitant-respecte-al-Consorci-V5'>-51,05<\/td>\n<\/tr>\n<tr class='datos'>\n<td>2021<\/td>\n<td class='row-RUM'>190,70<\/td>\n<td class='row-Ranking-en-la-producci\u00f3-de-residus-per-habitant'>54<\/td>\n<td class='row-Residus-per-habitant-(kg)'>339,32<\/td>\n<td class='row-Kg-de-residus-per-habitant-respecte-a-la-comarca'>16,32<\/td>\n<td class='row-Kg-de-residus-per-habitant-respecte-al-Consorci-V5'>-40,54<\/td>\n<\/tr>\n<tr class='datos'>\n<td>2022<\/td>\n<td class='row-RUM'>179,00<\/td>\n<td class='row-Ranking-en-la-producci\u00f3-de-residus-per-habitant'>26<\/td>\n<td class='row-Residus-per-habitant-(kg)'>316,25<\/td>\n<td class='row-Kg-de-residus-per-habitant-respecte-a-la-comarca'>-5,16<\/td>\n<td class='row-Kg-de-residus-per-habitant-respecte-al-Consorci-V5'>-60,93<\/td>\n<\/tr>\n<tr class='datos'>\n<td>2023<\/td>\n<td class='row-RUM'>170,90<\/td>\n<td class='row-Ranking-en-la-producci\u00f3-de-residus-per-habitant'>24<\/td>\n<td class='row-Residus-per-habitant-(kg)'>297,74<\/td>\n<td class='row-Kg-de-residus-per-habitant-respecte-a-la-comarca'>-3,42<\/td>\n<td class='row-Kg-de-residus-per-habitant-respecte-al-Consorci-V5'>-62,05<\/td>\n<\/tr>\n<tr class='datos'>\n<td>2024<\/td>\n<td class='row-RUM'>160,90<\/td>\n<td class='row-Ranking-en-la-producci\u00f3-de-residus-per-habitant'>5<\/td>\n<td class='row-Residus-per-habitant-(kg)'>265,96<\/td>\n<td class='row-Kg-de-residus-per-habitant-respecte-a-la-comarca'>265,96<\/td>\n<td class='row-Kg-de-residus-per-habitant-respecte-al-Consorci-V5'>265,96<\/td>\n<\/tr>\n<tr class='datos'>\n<td>2025<\/td>\n<td class='row-RUM'>&#8211;<\/td>\n<td class='row-Ranking-en-la-producci\u00f3-de-residus-per-habitant'>&#8211;<\/td>\n<td class='row-Residus-per-habitant-(kg)'>&#8211;<\/td>\n<td class='row-Kg-de-residus-per-habitant-respecte-a-la-comarca'>&#8211;<\/td>\n<td class='row-Kg-de-residus-per-habitant-respecte-al-Consorci-V5'>&#8211;<\/td>\n<\/tr>\n<\/tbody>\n<\/table>\n<table class=\"table1\">\n<thead>\n<tr class=\"destacados\">\n<th><img class='alineadoTextoImagenCentro' src='\/wp-content\/uploads\/2017\/03\/verd-4.png' width='30' height='30' border='0' \/>Cristal<\/th>\n<th class='row-Kg-de-recollida-selectiva-de-vidre'>Kg de recogida selectiva<\/th>\n<th class='row-R\u00e0nking-en-la-recollida-selectiva-de-vidre-per-habitant'>Ranking en la recogida por habitante<\/th>\n<th class='row-Kg-de-recollida-selectiva-de-vidre-per-habitant'>Kg de recogida selectiva por habitante<\/th>\n<th class='row-Kg-de-recollida-selectiva-de-vidre-per-habitant-respecte-a-la-comarca'>Kg de recogida selectiva respeto a la comarca<\/th>\n<th class='row-Kg-de-recollida-selectiva-de-vidre-per-habitant-respecte-al-Consorci-V5'>Kg de recogida selectiva respecto al COR<\/th>\n<\/tr>\n<\/thead>\n<tbody>\n<tr class='datos'>\n<td>2015<\/td>\n<td class='row-Kg-de-recollida-selectiva-de-vidre'>65.131,00<\/td>\n<td class='row-R\u00e0nking-en-la-recollida-selectiva-de-vidre-per-habitant'>3<\/td>\n<td class='row-Kg-de-recollida-selectiva-de-vidre-per-habitant'>110,77<\/td>\n<td class='row-Kg-de-recollida-selectiva-de-vidre-per-habitant-respecte-a-la-comarca'>88,39<\/td>\n<td class='row-Kg-de-recollida-selectiva-de-vidre-per-habitant-respecte-al-Consorci-V5'>-14,65<\/td>\n<\/tr>\n<tr class='datos'>\n<td>2016<\/td>\n<td class='row-Kg-de-recollida-selectiva-de-vidre'>21.908,00<\/td>\n<td class='row-R\u00e0nking-en-la-recollida-selectiva-de-vidre-per-habitant'>8<\/td>\n<td class='row-Kg-de-recollida-selectiva-de-vidre-per-habitant'>37,71<\/td>\n<td class='row-Kg-de-recollida-selectiva-de-vidre-per-habitant-respecte-a-la-comarca'>14,98<\/td>\n<td class='row-Kg-de-recollida-selectiva-de-vidre-per-habitant-respecte-al-Consorci-V5'>26,65<\/td>\n<\/tr>\n<tr class='datos'>\n<td>2017<\/td>\n<td class='row-Kg-de-recollida-selectiva-de-vidre'>21.835,00<\/td>\n<td class='row-R\u00e0nking-en-la-recollida-selectiva-de-vidre-per-habitant'>10<\/td>\n<td class='row-Kg-de-recollida-selectiva-de-vidre-per-habitant'>37,71<\/td>\n<td class='row-Kg-de-recollida-selectiva-de-vidre-per-habitant-respecte-a-la-comarca'>14,94<\/td>\n<td class='row-Kg-de-recollida-selectiva-de-vidre-per-habitant-respecte-al-Consorci-V5'>26,89<\/td>\n<\/tr>\n<tr class='datos'>\n<td>2018<\/td>\n<td class='row-Kg-de-recollida-selectiva-de-vidre'>22.093,00<\/td>\n<td class='row-R\u00e0nking-en-la-recollida-selectiva-de-vidre-per-habitant'>9<\/td>\n<td class='row-Kg-de-recollida-selectiva-de-vidre-per-habitant'>38,36<\/td>\n<td class='row-Kg-de-recollida-selectiva-de-vidre-per-habitant-respecte-a-la-comarca'>15,11<\/td>\n<td class='row-Kg-de-recollida-selectiva-de-vidre-per-habitant-respecte-al-Consorci-V5'>25,50<\/td>\n<\/tr>\n<tr class='datos'>\n<td>2019<\/td>\n<td class='row-Kg-de-recollida-selectiva-de-vidre'>22.722,00<\/td>\n<td class='row-R\u00e0nking-en-la-recollida-selectiva-de-vidre-per-habitant'>11<\/td>\n<td class='row-Kg-de-recollida-selectiva-de-vidre-per-habitant'>39,45<\/td>\n<td class='row-Kg-de-recollida-selectiva-de-vidre-per-habitant-respecte-a-la-comarca'>15,52<\/td>\n<td class='row-Kg-de-recollida-selectiva-de-vidre-per-habitant-respecte-al-Consorci-V5'>30,49<\/td>\n<\/tr>\n<tr class='datos'>\n<td>2020<\/td>\n<td class='row-Kg-de-recollida-selectiva-de-vidre'>18.238,00<\/td>\n<td class='row-R\u00e0nking-en-la-recollida-selectiva-de-vidre-per-habitant'>13<\/td>\n<td class='row-Kg-de-recollida-selectiva-de-vidre-per-habitant'>32,17<\/td>\n<td class='row-Kg-de-recollida-selectiva-de-vidre-per-habitant-respecte-a-la-comarca'>11,91<\/td>\n<td class='row-Kg-de-recollida-selectiva-de-vidre-per-habitant-respecte-al-Consorci-V5'>14,36<\/td>\n<\/tr>\n<tr class='datos'>\n<td>2021<\/td>\n<td class='row-Kg-de-recollida-selectiva-de-vidre'>14.700,00<\/td>\n<td class='row-R\u00e0nking-en-la-recollida-selectiva-de-vidre-per-habitant'>16<\/td>\n<td class='row-Kg-de-recollida-selectiva-de-vidre-per-habitant'>26,16<\/td>\n<td class='row-Kg-de-recollida-selectiva-de-vidre-per-habitant-respecte-a-la-comarca'>7,49<\/td>\n<td class='row-Kg-de-recollida-selectiva-de-vidre-per-habitant-respecte-al-Consorci-V5'>8,82<\/td>\n<\/tr>\n<tr class='datos'>\n<td>2022<\/td>\n<td class='row-Kg-de-recollida-selectiva-de-vidre'>13.200,00<\/td>\n<td class='row-R\u00e0nking-en-la-recollida-selectiva-de-vidre-per-habitant'>21<\/td>\n<td class='row-Kg-de-recollida-selectiva-de-vidre-per-habitant'>23,32<\/td>\n<td class='row-Kg-de-recollida-selectiva-de-vidre-per-habitant-respecte-a-la-comarca'>4,27<\/td>\n<td class='row-Kg-de-recollida-selectiva-de-vidre-per-habitant-respecte-al-Consorci-V5'>5,64<\/td>\n<\/tr>\n<tr class='datos'>\n<td>2023<\/td>\n<td class='row-Kg-de-recollida-selectiva-de-vidre'>13.600,00<\/td>\n<td class='row-R\u00e0nking-en-la-recollida-selectiva-de-vidre-per-habitant'>19<\/td>\n<td class='row-Kg-de-recollida-selectiva-de-vidre-per-habitant'>23,69<\/td>\n<td class='row-Kg-de-recollida-selectiva-de-vidre-per-habitant-respecte-a-la-comarca'>5,39<\/td>\n<td class='row-Kg-de-recollida-selectiva-de-vidre-per-habitant-respecte-al-Consorci-V5'>6,97<\/td>\n<\/tr>\n<tr class='datos'>\n<td>2024<\/td>\n<td class='row-Kg-de-recollida-selectiva-de-vidre'>15.100,00<\/td>\n<td class='row-R\u00e0nking-en-la-recollida-selectiva-de-vidre-per-habitant'>16<\/td>\n<td class='row-Kg-de-recollida-selectiva-de-vidre-per-habitant'>24,96<\/td>\n<td class='row-Kg-de-recollida-selectiva-de-vidre-per-habitant-respecte-a-la-comarca'>24,96<\/td>\n<td class='row-Kg-de-recollida-selectiva-de-vidre-per-habitant-respecte-al-Consorci-V5'>24,96<\/td>\n<\/tr>\n<tr class='datos'>\n<td>2025<\/td>\n<td class='row-Kg-de-recollida-selectiva-de-vidre'>&#8211;<\/td>\n<td class='row-R\u00e0nking-en-la-recollida-selectiva-de-vidre-per-habitant'>&#8211;<\/td>\n<td class='row-Kg-de-recollida-selectiva-de-vidre-per-habitant'>&#8211;<\/td>\n<td class='row-Kg-de-recollida-selectiva-de-vidre-per-habitant-respecte-a-la-comarca'>&#8211;<\/td>\n<td class='row-Kg-de-recollida-selectiva-de-vidre-per-habitant-respecte-al-Consorci-V5'>&#8211;<\/td>\n<\/tr>\n<\/tbody>\n<\/table>\n<table class=\"table4\">\n<thead>\n<tr class=\"destacados\">\n<th><img class='alineadoTextoImagenCentro' src='\/wp-content\/uploads\/2017\/03\/groc-4.png' width='30' height='30' border='0' \/>Envases ligeros y pl\u00e1sticos<\/th>\n<th class='row-Kg-de-recollida-selectiva-d'envasos'>Kg de recogida selectiva<\/th>\n<th class='row-R\u00e0nking-en-la-recollida-selectiva-d'envasos-per-habitant'>Ranking en la recogida selectiva por habitante<\/th>\n<th class='row-Kg-de-recollida-selectiva-d'envasos-per-habitant'>Kg de recogida selectiva por habitante<\/th>\n<th class='row-Kg-de-recollida-selectiva-d'envasos-per-habitant-respecte-a-la-comarca'>Kg de recogida selectiva respecto a la comarca<\/th>\n<th class='row-Kg-de-recollida-selectiva-d'envasos-per-habitant-respecte-al-Consorci-V5'>Kg de recogida selectiva respecto al COR<\/th>\n<\/tr>\n<\/thead>\n<tbody>\n<tr class='datos'>\n<td>2015<\/td>\n<td class='row-Kg-de-recollida-selectiva-d'envasos'>&#8211;<\/td>\n<td class='row-R\u00e0nking-en-la-recollida-selectiva-d'envasos-per-habitant'>55<\/td>\n<td class='row-Kg-de-recollida-selectiva-d'envasos-per-habitant'>&#8211;<\/td>\n<td class='row-Kg-de-recollida-selectiva-d'envasos-per-habitant-respecte-a-la-comarca'>-0,30<\/td>\n<td class='row-Kg-de-recollida-selectiva-d'envasos-per-habitant-respecte-al-Consorci-V5'>-6,01<\/td>\n<\/tr>\n<tr class='datos'>\n<td>2016<\/td>\n<td class='row-Kg-de-recollida-selectiva-d'envasos'>4.235,00<\/td>\n<td class='row-R\u00e0nking-en-la-recollida-selectiva-d'envasos-per-habitant'>16<\/td>\n<td class='row-Kg-de-recollida-selectiva-d'envasos-per-habitant'>7,29<\/td>\n<td class='row-Kg-de-recollida-selectiva-d'envasos-per-habitant-respecte-a-la-comarca'>7,29<\/td>\n<td class='row-Kg-de-recollida-selectiva-d'envasos-per-habitant-respecte-al-Consorci-V5'>4,54<\/td>\n<\/tr>\n<tr class='datos'>\n<td>2017<\/td>\n<td class='row-Kg-de-recollida-selectiva-d'envasos'>6.096,00<\/td>\n<td class='row-R\u00e0nking-en-la-recollida-selectiva-d'envasos-per-habitant'>31<\/td>\n<td class='row-Kg-de-recollida-selectiva-d'envasos-per-habitant'>10,53<\/td>\n<td class='row-Kg-de-recollida-selectiva-d'envasos-per-habitant-respecte-a-la-comarca'>10,53<\/td>\n<td class='row-Kg-de-recollida-selectiva-d'envasos-per-habitant-respecte-al-Consorci-V5'>0,27<\/td>\n<\/tr>\n<tr class='datos'>\n<td>2018<\/td>\n<td class='row-Kg-de-recollida-selectiva-d'envasos'>4.203,00<\/td>\n<td class='row-R\u00e0nking-en-la-recollida-selectiva-d'envasos-per-habitant'>76<\/td>\n<td class='row-Kg-de-recollida-selectiva-d'envasos-per-habitant'>7,30<\/td>\n<td class='row-Kg-de-recollida-selectiva-d'envasos-per-habitant-respecte-a-la-comarca'>-3,70<\/td>\n<td class='row-Kg-de-recollida-selectiva-d'envasos-per-habitant-respecte-al-Consorci-V5'>-4,72<\/td>\n<\/tr>\n<tr class='datos'>\n<td>2019<\/td>\n<td class='row-Kg-de-recollida-selectiva-d'envasos'>8.122,00<\/td>\n<td class='row-R\u00e0nking-en-la-recollida-selectiva-d'envasos-per-habitant'>32<\/td>\n<td class='row-Kg-de-recollida-selectiva-d'envasos-per-habitant'>13,77<\/td>\n<td class='row-Kg-de-recollida-selectiva-d'envasos-per-habitant-respecte-a-la-comarca'>1,93<\/td>\n<td class='row-Kg-de-recollida-selectiva-d'envasos-per-habitant-respecte-al-Consorci-V5'>1,93<\/td>\n<\/tr>\n<tr class='datos'>\n<td>2020<\/td>\n<td class='row-Kg-de-recollida-selectiva-d'envasos'>9.440,00<\/td>\n<td class='row-R\u00e0nking-en-la-recollida-selectiva-d'envasos-per-habitant'>28<\/td>\n<td class='row-Kg-de-recollida-selectiva-d'envasos-per-habitant'>16,65<\/td>\n<td class='row-Kg-de-recollida-selectiva-d'envasos-per-habitant-respecte-a-la-comarca'>3,18<\/td>\n<td class='row-Kg-de-recollida-selectiva-d'envasos-per-habitant-respecte-al-Consorci-V5'>1,96<\/td>\n<\/tr>\n<tr class='datos'>\n<td>2021<\/td>\n<td class='row-Kg-de-recollida-selectiva-d'envasos'>8.392,00<\/td>\n<td class='row-R\u00e0nking-en-la-recollida-selectiva-d'envasos-per-habitant'>32<\/td>\n<td class='row-Kg-de-recollida-selectiva-d'envasos-per-habitant'>14,93<\/td>\n<td class='row-Kg-de-recollida-selectiva-d'envasos-per-habitant-respecte-a-la-comarca'>1,12<\/td>\n<td class='row-Kg-de-recollida-selectiva-d'envasos-per-habitant-respecte-al-Consorci-V5'>-0,13<\/td>\n<\/tr>\n<tr class='datos'>\n<td>2022<\/td>\n<td class='row-Kg-de-recollida-selectiva-d'envasos'>8.889,00<\/td>\n<td class='row-R\u00e0nking-en-la-recollida-selectiva-d'envasos-per-habitant'>32<\/td>\n<td class='row-Kg-de-recollida-selectiva-d'envasos-per-habitant'>15,70<\/td>\n<td class='row-Kg-de-recollida-selectiva-d'envasos-per-habitant-respecte-a-la-comarca'>-2,90<\/td>\n<td class='row-Kg-de-recollida-selectiva-d'envasos-per-habitant-respecte-al-Consorci-V5'>0,22<\/td>\n<\/tr>\n<tr class='datos'>\n<td>2023<\/td>\n<td class='row-Kg-de-recollida-selectiva-d'envasos'>10.332,00<\/td>\n<td class='row-R\u00e0nking-en-la-recollida-selectiva-d'envasos-per-habitant'>34<\/td>\n<td class='row-Kg-de-recollida-selectiva-d'envasos-per-habitant'>18,00<\/td>\n<td class='row-Kg-de-recollida-selectiva-d'envasos-per-habitant-respecte-a-la-comarca'>4,61<\/td>\n<td class='row-Kg-de-recollida-selectiva-d'envasos-per-habitant-respecte-al-Consorci-V5'>2,32<\/td>\n<\/tr>\n<tr class='datos'>\n<td>2024<\/td>\n<td class='row-Kg-de-recollida-selectiva-d'envasos'>10.963,40<\/td>\n<td class='row-R\u00e0nking-en-la-recollida-selectiva-d'envasos-per-habitant'>37<\/td>\n<td class='row-Kg-de-recollida-selectiva-d'envasos-per-habitant'>18,12<\/td>\n<td class='row-Kg-de-recollida-selectiva-d'envasos-per-habitant-respecte-a-la-comarca'>18,12<\/td>\n<td class='row-Kg-de-recollida-selectiva-d'envasos-per-habitant-respecte-al-Consorci-V5'>18,12<\/td>\n<\/tr>\n<tr class='datos'>\n<td>2025<\/td>\n<td class='row-Kg-de-recollida-selectiva-d'envasos'>&#8211;<\/td>\n<td class='row-R\u00e0nking-en-la-recollida-selectiva-d'envasos-per-habitant'>&#8211;<\/td>\n<td class='row-Kg-de-recollida-selectiva-d'envasos-per-habitant'>&#8211;<\/td>\n<td class='row-Kg-de-recollida-selectiva-d'envasos-per-habitant-respecte-a-la-comarca'>&#8211;<\/td>\n<td class='row-Kg-de-recollida-selectiva-d'envasos-per-habitant-respecte-al-Consorci-V5'>&#8211;<\/td>\n<\/tr>\n<\/tbody>\n<\/table>\n<table class=\"table5\">\n<thead>\n<tr class=\"destacados\">\n<th><img class='alineadoTextoImagenCentro' src='\/wp-content\/uploads\/2017\/03\/blau-4.png' width='30' height='30' border='0' \/>Papel y cart\u00f3n<\/th>\n<th class='row-Kg-de-recollida-selectiva-de-paper'>Kg de recogida selectiva<\/th>\n<th class='row-R\u00e0nking-en-la-recollida-selectiva-d'envasos-per-habitant'>Ranking en la recogida selectiva por habitante<\/th>\n<th class='row-Kg-de-recollida-selectiva-de-paper-per-habitant'>Kg de recogida selectiva por habitante<\/th>\n<th class='row-Kg-de-recollida-selectiva-de-paper-per-habitant-respecte-a-la-comarca'>Kg de recogida selectiva respecto a la comarca<\/th>\n<th class='row-Kg-de-recollida-selectiva-de-paper-per-habitant-respecte-al-Consorci-V5'>Kg de recogida selectiva respecto al COR<\/th>\n<\/tr>\n<\/thead>\n<tbody>\n<tr class='datos'>\n<td>2015<\/td>\n<td class='row-Kg-de-recollida-selectiva-de-paper'>&#8211;<\/td>\n<td class='row-R\u00e0nking-en-la-recollida-selectiva-d'envasos-per-habitant'>55<\/td>\n<td class='row-Kg-de-recollida-selectiva-de-paper-per-habitant'>&#8211;<\/td>\n<td class='row-Kg-de-recollida-selectiva-de-paper-per-habitant-respecte-a-la-comarca'>-1,06<\/td>\n<td class='row-Kg-de-recollida-selectiva-de-paper-per-habitant-respecte-al-Consorci-V5'>-15,60<\/td>\n<\/tr>\n<tr class='datos'>\n<td>2016<\/td>\n<td class='row-Kg-de-recollida-selectiva-de-paper'>4.559,00<\/td>\n<td class='row-R\u00e0nking-en-la-recollida-selectiva-d'envasos-per-habitant'>16<\/td>\n<td class='row-Kg-de-recollida-selectiva-de-paper-per-habitant'>7,85<\/td>\n<td class='row-Kg-de-recollida-selectiva-de-paper-per-habitant-respecte-a-la-comarca'>7,85<\/td>\n<td class='row-Kg-de-recollida-selectiva-de-paper-per-habitant-respecte-al-Consorci-V5'>5,02<\/td>\n<\/tr>\n<tr class='datos'>\n<td>2017<\/td>\n<td class='row-Kg-de-recollida-selectiva-de-paper'>6.038,00<\/td>\n<td class='row-R\u00e0nking-en-la-recollida-selectiva-d'envasos-per-habitant'>31<\/td>\n<td class='row-Kg-de-recollida-selectiva-de-paper-per-habitant'>10,43<\/td>\n<td class='row-Kg-de-recollida-selectiva-de-paper-per-habitant-respecte-a-la-comarca'>10,43<\/td>\n<td class='row-Kg-de-recollida-selectiva-de-paper-per-habitant-respecte-al-Consorci-V5'>-11,18<\/td>\n<\/tr>\n<tr class='datos'>\n<td>2018<\/td>\n<td class='row-Kg-de-recollida-selectiva-de-paper'>5.048,00<\/td>\n<td class='row-R\u00e0nking-en-la-recollida-selectiva-d'envasos-per-habitant'>76<\/td>\n<td class='row-Kg-de-recollida-selectiva-de-paper-per-habitant'>9,00<\/td>\n<td class='row-Kg-de-recollida-selectiva-de-paper-per-habitant-respecte-a-la-comarca'>-2,11<\/td>\n<td class='row-Kg-de-recollida-selectiva-de-paper-per-habitant-respecte-al-Consorci-V5'>-11,60<\/td>\n<\/tr>\n<tr class='datos'>\n<td>2019<\/td>\n<td class='row-Kg-de-recollida-selectiva-de-paper'>11.059,20<\/td>\n<td class='row-R\u00e0nking-en-la-recollida-selectiva-d'envasos-per-habitant'>32<\/td>\n<td class='row-Kg-de-recollida-selectiva-de-paper-per-habitant'>19,00<\/td>\n<td class='row-Kg-de-recollida-selectiva-de-paper-per-habitant-respecte-a-la-comarca'>7,40<\/td>\n<td class='row-Kg-de-recollida-selectiva-de-paper-per-habitant-respecte-al-Consorci-V5'>7,40<\/td>\n<\/tr>\n<tr class='datos'>\n<td>2020<\/td>\n<td class='row-Kg-de-recollida-selectiva-de-paper'>14.345,10<\/td>\n<td class='row-R\u00e0nking-en-la-recollida-selectiva-d'envasos-per-habitant'>28<\/td>\n<td class='row-Kg-de-recollida-selectiva-de-paper-per-habitant'>25,30<\/td>\n<td class='row-Kg-de-recollida-selectiva-de-paper-per-habitant-respecte-a-la-comarca'>5,94<\/td>\n<td class='row-Kg-de-recollida-selectiva-de-paper-per-habitant-respecte-al-Consorci-V5'>3,93<\/td>\n<\/tr>\n<tr class='datos'>\n<td>2021<\/td>\n<td class='row-Kg-de-recollida-selectiva-de-paper'>10.603,00<\/td>\n<td class='row-R\u00e0nking-en-la-recollida-selectiva-d'envasos-per-habitant'>32<\/td>\n<td class='row-Kg-de-recollida-selectiva-de-paper-per-habitant'>18,87<\/td>\n<td class='row-Kg-de-recollida-selectiva-de-paper-per-habitant-respecte-a-la-comarca'>-14,80<\/td>\n<td class='row-Kg-de-recollida-selectiva-de-paper-per-habitant-respecte-al-Consorci-V5'>-2,81<\/td>\n<\/tr>\n<tr class='datos'>\n<td>2022<\/td>\n<td class='row-Kg-de-recollida-selectiva-de-paper'>11.257,00<\/td>\n<td class='row-R\u00e0nking-en-la-recollida-selectiva-d'envasos-per-habitant'>32<\/td>\n<td class='row-Kg-de-recollida-selectiva-de-paper-per-habitant'>19,89<\/td>\n<td class='row-Kg-de-recollida-selectiva-de-paper-per-habitant-respecte-a-la-comarca'>7,14<\/td>\n<td class='row-Kg-de-recollida-selectiva-de-paper-per-habitant-respecte-al-Consorci-V5'>-2,36<\/td>\n<\/tr>\n<tr class='datos'>\n<td>2023<\/td>\n<td class='row-Kg-de-recollida-selectiva-de-paper'>11.365,20<\/td>\n<td class='row-R\u00e0nking-en-la-recollida-selectiva-d'envasos-per-habitant'>34<\/td>\n<td class='row-Kg-de-recollida-selectiva-de-paper-per-habitant'>19,80<\/td>\n<td class='row-Kg-de-recollida-selectiva-de-paper-per-habitant-respecte-a-la-comarca'>7,14<\/td>\n<td class='row-Kg-de-recollida-selectiva-de-paper-per-habitant-respecte-al-Consorci-V5'>-4,49<\/td>\n<\/tr>\n<tr class='datos'>\n<td>2024<\/td>\n<td class='row-Kg-de-recollida-selectiva-de-paper'>10.504,20<\/td>\n<td class='row-R\u00e0nking-en-la-recollida-selectiva-d'envasos-per-habitant'>37<\/td>\n<td class='row-Kg-de-recollida-selectiva-de-paper-per-habitant'>17,36<\/td>\n<td class='row-Kg-de-recollida-selectiva-de-paper-per-habitant-respecte-a-la-comarca'>17,36<\/td>\n<td class='row-Kg-de-recollida-selectiva-de-paper-per-habitant-respecte-al-Consorci-V5'>17,36<\/td>\n<\/tr>\n<tr class='datos'>\n<td>2025<\/td>\n<td class='row-Kg-de-recollida-selectiva-de-paper'>&#8211;<\/td>\n<td class='row-R\u00e0nking-en-la-recollida-selectiva-d'envasos-per-habitant'>&#8211;<\/td>\n<td class='row-Kg-de-recollida-selectiva-de-paper-per-habitant'>&#8211;<\/td>\n<td class='row-Kg-de-recollida-selectiva-de-paper-per-habitant-respecte-a-la-comarca'>&#8211;<\/td>\n<td class='row-Kg-de-recollida-selectiva-de-paper-per-habitant-respecte-al-Consorci-V5'>&#8211;<\/td>\n<\/tr>\n<\/tbody>\n<\/table>\n<table class=\"table3\">\n<thead>\n<tr class=\"destacados\">\n<th>FORS<\/th>\n<th class='row-Fors-illes'>Toneladas FORS islas<\/th>\n<th class='row-Fors-planta'>Toneladas FORS en planta<\/th>\n<\/tr>\n<\/thead>\n<tbody>\n<tr class='datos'>\n<td>2015<\/td>\n<td class='row-Fors-illes'>&#8211;<\/td>\n<td class='row-Fors-planta'>&#8211;<\/td>\n<\/tr>\n<tr class='datos'>\n<td>2016<\/td>\n<td class='row-Fors-illes'>&#8211;<\/td>\n<td class='row-Fors-planta'>&#8211;<\/td>\n<\/tr>\n<tr class='datos'>\n<td>2017<\/td>\n<td class='row-Fors-illes'>&#8211;<\/td>\n<td class='row-Fors-planta'>&#8211;<\/td>\n<\/tr>\n<tr class='datos'>\n<td>2018<\/td>\n<td class='row-Fors-illes'>&#8211;<\/td>\n<td class='row-Fors-planta'>&#8211;<\/td>\n<\/tr>\n<tr class='datos'>\n<td>2019<\/td>\n<td class='row-Fors-illes'>&#8211;<\/td>\n<td class='row-Fors-planta'>&#8211;<\/td>\n<\/tr>\n<tr class='datos'>\n<td>2020<\/td>\n<td class='row-Fors-illes'>&#8211;<\/td>\n<td class='row-Fors-planta'>&#8211;<\/td>\n<\/tr>\n<tr class='datos'>\n<td>2021<\/td>\n<td class='row-Fors-illes'>&#8211;<\/td>\n<td class='row-Fors-planta'>&#8211;<\/td>\n<\/tr>\n<tr class='datos'>\n<td>2022<\/td>\n<td class='row-Fors-illes'>&#8211;<\/td>\n<td class='row-Fors-planta'>&#8211;<\/td>\n<\/tr>\n<tr class='datos'>\n<td>2023<\/td>\n<td class='row-Fors-illes'>&#8211;<\/td>\n<td class='row-Fors-planta'>&#8211;<\/td>\n<\/tr>\n<tr class='datos'>\n<td>2024<\/td>\n<td class='row-Fors-illes'>&#8211;<\/td>\n<td class='row-Fors-planta'>&#8211;<\/td>\n<\/tr>\n<tr class='datos'>\n<td>2025<\/td>\n<td class='row-Fors-illes'>&#8211;<\/td>\n<td class='row-Fors-planta'>&#8211;<\/td>\n<\/tr>\n<\/tbody>\n<\/table>\n<div style=\"clear:both;\"><\/div>","protected":false},"excerpt":{"rendered":"<p>Palomar es un municipio de la comarca de La Vall d&#8217;Albaida, en la provincia de Valencia. Tiene 579 habitantes. <br \/>Sistema de Recogida: Recogida de 4 fracciones (papel y cart\u00f3n, pl\u00e1sticos y envases ligeros, vidrio y resto no selectivo) en contenedor<\/p>\n","protected":false},"author":1,"featured_media":13956,"comment_status":"closed","ping_status":"closed","sticky":false,"template":"","format":"standard","meta":{"footnotes":""},"categories":[81],"tags":[],"class_list":["post-14630","post","type-post","status-publish","format-standard","has-post-thumbnail","hentry","category-la-vall-dalbaida-es"],"yoast_head":"<!-- This site is optimized with the Yoast SEO plugin v26.0 - https:\/\/yoast.com\/wordpress\/plugins\/seo\/ -->\n<title>Palomar - Consorcio de Residuos V5 - COR<\/title>\n<meta name=\"robots\" content=\"index, follow, max-snippet:-1, max-image-preview:large, max-video-preview:-1\" \/>\n<link rel=\"canonical\" href=\"https:\/\/www.consorciresidus.org\/es\/palomar\/\" \/>\n<meta property=\"og:locale\" content=\"es_ES\" \/>\n<meta property=\"og:type\" content=\"article\" \/>\n<meta property=\"og:title\" content=\"Palomar - Consorcio de Residuos V5 - COR\" \/>\n<meta property=\"og:description\" content=\"Palomar es un municipio de la comarca de La Vall d&#039;Albaida, en la provincia de Valencia. Tiene 579 habitantes. Sistema de Recogida: Recogida de 4 fracciones (papel y cart\u00f3n, pl\u00e1sticos y envases ligeros, vidrio y resto no selectivo) en contenedor\" \/>\n<meta property=\"og:url\" content=\"https:\/\/www.consorciresidus.org\/es\/palomar\/\" \/>\n<meta property=\"og:site_name\" content=\"Consorcio de Residuos V5 - COR\" \/>\n<meta property=\"article:published_time\" content=\"2017-04-20T22:30:54+00:00\" \/>\n<meta property=\"article:modified_time\" content=\"2025-12-11T17:37:12+00:00\" \/>\n<meta property=\"og:image\" content=\"https:\/\/www.consorciresidus.org\/wp-content\/uploads\/2017\/03\/palomar.jpg\" \/>\n\t<meta property=\"og:image:width\" content=\"1600\" \/>\n\t<meta property=\"og:image:height\" content=\"500\" \/>\n\t<meta property=\"og:image:type\" content=\"image\/jpeg\" \/>\n<meta name=\"author\" content=\"Yset\" \/>\n<meta name=\"twitter:card\" content=\"summary_large_image\" \/>\n<meta name=\"twitter:label1\" content=\"Escrito por\" \/>\n\t<meta name=\"twitter:data1\" content=\"Yset\" \/>\n\t<meta name=\"twitter:label2\" content=\"Tiempo de lectura\" \/>\n\t<meta name=\"twitter:data2\" content=\"4 minutos\" \/>\n<script type=\"application\/ld+json\" class=\"yoast-schema-graph\">{\"@context\":\"https:\/\/schema.org\",\"@graph\":[{\"@type\":\"WebPage\",\"@id\":\"https:\/\/www.consorciresidus.org\/es\/palomar\/\",\"url\":\"https:\/\/www.consorciresidus.org\/es\/palomar\/\",\"name\":\"Palomar - Consorcio de Residuos V5 - COR\",\"isPartOf\":{\"@id\":\"https:\/\/www.consorciresidus.org\/#website\"},\"primaryImageOfPage\":{\"@id\":\"https:\/\/www.consorciresidus.org\/es\/palomar\/#primaryimage\"},\"image\":{\"@id\":\"https:\/\/www.consorciresidus.org\/es\/palomar\/#primaryimage\"},\"thumbnailUrl\":\"https:\/\/www.consorciresidus.org\/wp-content\/uploads\/2017\/03\/palomar.jpg\",\"datePublished\":\"2017-04-20T22:30:54+00:00\",\"dateModified\":\"2025-12-11T17:37:12+00:00\",\"author\":{\"@id\":\"https:\/\/www.consorciresidus.org\/#\/schema\/person\/3c64584408fdfd16e903e666bd655fa6\"},\"inLanguage\":\"es\",\"potentialAction\":[{\"@type\":\"ReadAction\",\"target\":[\"https:\/\/www.consorciresidus.org\/es\/palomar\/\"]}]},{\"@type\":\"ImageObject\",\"inLanguage\":\"es\",\"@id\":\"https:\/\/www.consorciresidus.org\/es\/palomar\/#primaryimage\",\"url\":\"https:\/\/www.consorciresidus.org\/wp-content\/uploads\/2017\/03\/palomar.jpg\",\"contentUrl\":\"https:\/\/www.consorciresidus.org\/wp-content\/uploads\/2017\/03\/palomar.jpg\",\"width\":1600,\"height\":500},{\"@type\":\"WebSite\",\"@id\":\"https:\/\/www.consorciresidus.org\/#website\",\"url\":\"https:\/\/www.consorciresidus.org\/\",\"name\":\"Consorcio de Residuos V5 - COR\",\"description\":\"Consorcio para la gesti\u00f3n de residuos\",\"potentialAction\":[{\"@type\":\"SearchAction\",\"target\":{\"@type\":\"EntryPoint\",\"urlTemplate\":\"https:\/\/www.consorciresidus.org\/?s={search_term_string}\"},\"query-input\":{\"@type\":\"PropertyValueSpecification\",\"valueRequired\":true,\"valueName\":\"search_term_string\"}}],\"inLanguage\":\"es\"},{\"@type\":\"Person\",\"@id\":\"https:\/\/www.consorciresidus.org\/#\/schema\/person\/3c64584408fdfd16e903e666bd655fa6\",\"name\":\"Yset\",\"image\":{\"@type\":\"ImageObject\",\"inLanguage\":\"es\",\"@id\":\"https:\/\/www.consorciresidus.org\/#\/schema\/person\/image\/\",\"url\":\"https:\/\/secure.gravatar.com\/avatar\/f4c946889a39405ca4f37786a11a9859f1168d049122f95466f838aeaa1e4327?s=96&d=mm&r=g\",\"contentUrl\":\"https:\/\/secure.gravatar.com\/avatar\/f4c946889a39405ca4f37786a11a9859f1168d049122f95466f838aeaa1e4327?s=96&d=mm&r=g\",\"caption\":\"Yset\"},\"url\":\"https:\/\/www.consorciresidus.org\/es\/author\/yset2020\/\"}]}<\/script>\n<!-- \/ Yoast SEO plugin. -->","yoast_head_json":{"title":"Palomar - Consorcio de Residuos V5 - COR","robots":{"index":"index","follow":"follow","max-snippet":"max-snippet:-1","max-image-preview":"max-image-preview:large","max-video-preview":"max-video-preview:-1"},"canonical":"https:\/\/www.consorciresidus.org\/es\/palomar\/","og_locale":"es_ES","og_type":"article","og_title":"Palomar - Consorcio de Residuos V5 - COR","og_description":"Palomar es un municipio de la comarca de La Vall d'Albaida, en la provincia de Valencia. Tiene 579 habitantes. Sistema de Recogida: Recogida de 4 fracciones (papel y cart\u00f3n, pl\u00e1sticos y envases ligeros, vidrio y resto no selectivo) en contenedor","og_url":"https:\/\/www.consorciresidus.org\/es\/palomar\/","og_site_name":"Consorcio de Residuos V5 - COR","article_published_time":"2017-04-20T22:30:54+00:00","article_modified_time":"2025-12-11T17:37:12+00:00","og_image":[{"width":1600,"height":500,"url":"https:\/\/www.consorciresidus.org\/wp-content\/uploads\/2017\/03\/palomar.jpg","type":"image\/jpeg"}],"author":"Yset","twitter_card":"summary_large_image","twitter_misc":{"Escrito por":"Yset","Tiempo de lectura":"4 minutos"},"schema":{"@context":"https:\/\/schema.org","@graph":[{"@type":"WebPage","@id":"https:\/\/www.consorciresidus.org\/es\/palomar\/","url":"https:\/\/www.consorciresidus.org\/es\/palomar\/","name":"Palomar - Consorcio de Residuos V5 - COR","isPartOf":{"@id":"https:\/\/www.consorciresidus.org\/#website"},"primaryImageOfPage":{"@id":"https:\/\/www.consorciresidus.org\/es\/palomar\/#primaryimage"},"image":{"@id":"https:\/\/www.consorciresidus.org\/es\/palomar\/#primaryimage"},"thumbnailUrl":"https:\/\/www.consorciresidus.org\/wp-content\/uploads\/2017\/03\/palomar.jpg","datePublished":"2017-04-20T22:30:54+00:00","dateModified":"2025-12-11T17:37:12+00:00","author":{"@id":"https:\/\/www.consorciresidus.org\/#\/schema\/person\/3c64584408fdfd16e903e666bd655fa6"},"inLanguage":"es","potentialAction":[{"@type":"ReadAction","target":["https:\/\/www.consorciresidus.org\/es\/palomar\/"]}]},{"@type":"ImageObject","inLanguage":"es","@id":"https:\/\/www.consorciresidus.org\/es\/palomar\/#primaryimage","url":"https:\/\/www.consorciresidus.org\/wp-content\/uploads\/2017\/03\/palomar.jpg","contentUrl":"https:\/\/www.consorciresidus.org\/wp-content\/uploads\/2017\/03\/palomar.jpg","width":1600,"height":500},{"@type":"WebSite","@id":"https:\/\/www.consorciresidus.org\/#website","url":"https:\/\/www.consorciresidus.org\/","name":"Consorcio de Residuos V5 - COR","description":"Consorcio para la gesti\u00f3n de residuos","potentialAction":[{"@type":"SearchAction","target":{"@type":"EntryPoint","urlTemplate":"https:\/\/www.consorciresidus.org\/?s={search_term_string}"},"query-input":{"@type":"PropertyValueSpecification","valueRequired":true,"valueName":"search_term_string"}}],"inLanguage":"es"},{"@type":"Person","@id":"https:\/\/www.consorciresidus.org\/#\/schema\/person\/3c64584408fdfd16e903e666bd655fa6","name":"Yset","image":{"@type":"ImageObject","inLanguage":"es","@id":"https:\/\/www.consorciresidus.org\/#\/schema\/person\/image\/","url":"https:\/\/secure.gravatar.com\/avatar\/f4c946889a39405ca4f37786a11a9859f1168d049122f95466f838aeaa1e4327?s=96&d=mm&r=g","contentUrl":"https:\/\/secure.gravatar.com\/avatar\/f4c946889a39405ca4f37786a11a9859f1168d049122f95466f838aeaa1e4327?s=96&d=mm&r=g","caption":"Yset"},"url":"https:\/\/www.consorciresidus.org\/es\/author\/yset2020\/"}]}},"_links":{"self":[{"href":"https:\/\/www.consorciresidus.org\/es\/wp-json\/wp\/v2\/posts\/14630","targetHints":{"allow":["GET"]}}],"collection":[{"href":"https:\/\/www.consorciresidus.org\/es\/wp-json\/wp\/v2\/posts"}],"about":[{"href":"https:\/\/www.consorciresidus.org\/es\/wp-json\/wp\/v2\/types\/post"}],"author":[{"embeddable":true,"href":"https:\/\/www.consorciresidus.org\/es\/wp-json\/wp\/v2\/users\/1"}],"replies":[{"embeddable":true,"href":"https:\/\/www.consorciresidus.org\/es\/wp-json\/wp\/v2\/comments?post=14630"}],"version-history":[{"count":36,"href":"https:\/\/www.consorciresidus.org\/es\/wp-json\/wp\/v2\/posts\/14630\/revisions"}],"predecessor-version":[{"id":28235,"href":"https:\/\/www.consorciresidus.org\/es\/wp-json\/wp\/v2\/posts\/14630\/revisions\/28235"}],"wp:featuredmedia":[{"embeddable":true,"href":"https:\/\/www.consorciresidus.org\/es\/wp-json\/wp\/v2\/media\/13956"}],"wp:attachment":[{"href":"https:\/\/www.consorciresidus.org\/es\/wp-json\/wp\/v2\/media?parent=14630"}],"wp:term":[{"taxonomy":"category","embeddable":true,"href":"https:\/\/www.consorciresidus.org\/es\/wp-json\/wp\/v2\/categories?post=14630"},{"taxonomy":"post_tag","embeddable":true,"href":"https:\/\/www.consorciresidus.org\/es\/wp-json\/wp\/v2\/tags?post=14630"}],"curies":[{"name":"wp","href":"https:\/\/api.w.org\/{rel}","templated":true}]}}