 



{"id":19418,"date":"2018-03-14T12:40:40","date_gmt":"2018-03-14T12:40:40","guid":{"rendered":"https:\/\/www.consorciresidus.org\/?p=19418"},"modified":"2018-03-14T12:40:40","modified_gmt":"2018-03-14T12:40:40","slug":"decalogo-para-semana-fallera","status":"publish","type":"post","link":"https:\/\/www.consorciresidus.org\/es\/decalogo-para-semana-fallera\/","title":{"rendered":"Dec\u00e1logo para la semana fallera"},"content":{"rendered":"<p>Con motivo de la llegada de las Fallas, desde el Consorcio de Residuos hemos preparado un dec\u00e1logo para que falleros y visitantes puedan disfrutar de las fiestas, y al mismo tiempo, aposta r por la sostenibilidad.<\/p>\n<p>1- Trata de <strong>localizar una zona de contenedores cercana<\/strong> para depositar los residuos que generes, y si no encuentras ninguna cerca, gu\u00e1rdalo hasta que localices una.<br \/>\n2- Los <strong>vasos reutilizables<\/strong> se pueden utilizar tantas veces como quieras. De esta manera, a la larga, evitaremos que toneladas y toneladas de residuos pl\u00e1sticos acaben en los contenedores, o peor, en tierra. Un vaso de pl\u00e1stico puede tardar de 65 a 70 a\u00f1os en descomponerse.<br \/>\n3- El <strong>vidrio, al contenedor verde<\/strong>. Aparte de ser uno de los que m\u00e1s pesa, este residuo es uno de los m\u00e1s recurrentes en fallas. Si las botellas acaban en su contenedor se podr\u00e1n reciclar para hacer nuevas botellas de vidrio, ya que es un material cien por cien recuperable.<br \/>\n4- <strong>Mide bien la cantidad de comida que pides o realizas<\/strong> durante las fallas. De esta manera evitaremos que sobre. Y si no podemos evitar que acabe sobrando, siempre y cuando se pueda, trata de guardarla para consumirla m\u00e1s tarde y de no lanzarla a la basura.<br \/>\n5- <strong>Decora tu monumento reutilizando materiales<\/strong>. Muchas veces, a un cadafal le va bien un adorno. \u00bfY si reutilizamos algunos materiales como c\u00e1psulas de caf\u00e9 o maderas que ya no necesitamos? \u00a1Los resultados pueden ser espectaculares!<br \/>\n6-\u00a0 <strong>Ahorra energ\u00eda<\/strong>. Si en tu barrio colocas luces para engalanar la calle, trata de que estas sean LED, ya que estas utilizan hasta un 90% menos de energ\u00eda y son iguales de buenas que las otras.<br \/>\n7- <strong>\u00a1Cuidado con el fuego!<\/strong> Una de las caracter\u00edsticas de las fallas es que son fiestas de p\u00f3lvora. Este hecho, combinado con dejar por la calle residuos como latas o botellas podr\u00eda provocar un incendio.<br \/>\n8- Si compas cualquier cosa durante estos d\u00edas (ya sean petardos, bu\u00f1uelos o elementos que no tienen nada que ver con las fallas), <strong>trata de utilizar bolsas reutilizables<\/strong> para su transporte.<br \/>\n9- <strong>Cada residuo a su lugar<\/strong>. Hagamos buenos los contenedores de selectiva y de residuos org\u00e1nicos que tenemos a nuestro alcance. Generar un mayor n\u00famero de residuos implica m\u00e1s viajes para llevarlos a la planta de tratamiento, y eso supone un mayor impacto en la huella de carbono que dejamos en el planeta.<br \/>\n10- <strong>Cuida y respeta tu entorno<\/strong>, tus barrios y tus calles. Son de todos, y la responsabilidad de su limpieza es colectiva.<\/p>\n<div style=\"clear:both;\"><\/div>","protected":false},"excerpt":{"rendered":"<p>Con motivo de la llegada de las Fallas, publicamos un dec\u00e1logo para disfrutar de las fiestas y apostar por la sostenibilidad.<\/p>\n","protected":false},"author":2,"featured_media":19427,"comment_status":"closed","ping_status":"closed","sticky":false,"template":"","format":"standard","meta":{"footnotes":""},"categories":[114],"tags":[304],"class_list":["post-19418","post","type-post","status-publish","format-standard","has-post-thumbnail","hentry","category-residuos","tag-fallas"],"yoast_head":"<!-- This site is optimized with the Yoast SEO plugin v26.0 - https:\/\/yoast.com\/wordpress\/plugins\/seo\/ -->\n<title>Dec\u00e1logo para la semana fallera - Consorcio de Residuos V5 - COR<\/title>\n<meta name=\"description\" content=\"Con motivo de la llegada de las Fallas, publicamos un dec\u00e1logo para disfrutar de las fiestas y apostar por la sostenibilidad.\" \/>\n<meta name=\"robots\" content=\"index, follow, max-snippet:-1, max-image-preview:large, max-video-preview:-1\" \/>\n<link rel=\"canonical\" href=\"https:\/\/www.consorciresidus.org\/es\/decalogo-para-semana-fallera\/\" \/>\n<meta property=\"og:locale\" content=\"es_ES\" \/>\n<meta property=\"og:type\" content=\"article\" \/>\n<meta property=\"og:title\" content=\"Dec\u00e1logo para la semana fallera\" \/>\n<meta property=\"og:description\" content=\"Con motivo de la llegada de las Fallas, publicamos un dec\u00e1logo para disfrutar de las fiestas y apostar por la sostenibilidad.\" \/>\n<meta property=\"og:url\" content=\"https:\/\/www.consorciresidus.org\/es\/decalogo-para-semana-fallera\/\" \/>\n<meta property=\"og:site_name\" content=\"Consorcio de Residuos V5 - COR\" \/>\n<meta property=\"article:published_time\" content=\"2018-03-14T12:40:40+00:00\" \/>\n<meta property=\"og:image\" content=\"https:\/\/www.consorciresidus.org\/wp-content\/uploads\/2018\/03\/falles.jpg\" \/>\n\t<meta property=\"og:image:width\" content=\"1920\" \/>\n\t<meta property=\"og:image:height\" content=\"650\" \/>\n\t<meta property=\"og:image:type\" content=\"image\/jpeg\" \/>\n<meta name=\"author\" content=\"Xcor\" \/>\n<meta name=\"twitter:card\" content=\"summary_large_image\" \/>\n<meta name=\"twitter:title\" content=\"Dec\u00e1logo para la semana fallera\" \/>\n<meta name=\"twitter:description\" content=\"Con motivo de la llegada de las Fallas, publicamos un dec\u00e1logo para disfrutar de las fiestas y apostar por la sostenibilidad.\" \/>\n<meta name=\"twitter:image\" content=\"https:\/\/www.consorciresidus.org\/wp-content\/uploads\/2018\/03\/falles.jpg\" \/>\n<meta name=\"twitter:label1\" content=\"Escrito por\" \/>\n\t<meta name=\"twitter:data1\" content=\"Xcor\" \/>\n\t<meta name=\"twitter:label2\" content=\"Tiempo de lectura\" \/>\n\t<meta name=\"twitter:data2\" content=\"2 minutos\" \/>\n<script type=\"application\/ld+json\" class=\"yoast-schema-graph\">{\"@context\":\"https:\/\/schema.org\",\"@graph\":[{\"@type\":\"WebPage\",\"@id\":\"https:\/\/www.consorciresidus.org\/es\/decalogo-para-semana-fallera\/\",\"url\":\"https:\/\/www.consorciresidus.org\/es\/decalogo-para-semana-fallera\/\",\"name\":\"Dec\u00e1logo para la semana fallera - Consorcio de Residuos V5 - COR\",\"isPartOf\":{\"@id\":\"https:\/\/www.consorciresidus.org\/#website\"},\"primaryImageOfPage\":{\"@id\":\"https:\/\/www.consorciresidus.org\/es\/decalogo-para-semana-fallera\/#primaryimage\"},\"image\":{\"@id\":\"https:\/\/www.consorciresidus.org\/es\/decalogo-para-semana-fallera\/#primaryimage\"},\"thumbnailUrl\":\"https:\/\/www.consorciresidus.org\/wp-content\/uploads\/2018\/03\/falles.jpg\",\"datePublished\":\"2018-03-14T12:40:40+00:00\",\"author\":{\"@id\":\"https:\/\/www.consorciresidus.org\/#\/schema\/person\/6a82d32a2dda417fcc036de7b6ad6975\"},\"description\":\"Con motivo de la llegada de las Fallas, publicamos un dec\u00e1logo para disfrutar de las fiestas y apostar por la sostenibilidad.\",\"inLanguage\":\"es\",\"potentialAction\":[{\"@type\":\"ReadAction\",\"target\":[\"https:\/\/www.consorciresidus.org\/es\/decalogo-para-semana-fallera\/\"]}]},{\"@type\":\"ImageObject\",\"inLanguage\":\"es\",\"@id\":\"https:\/\/www.consorciresidus.org\/es\/decalogo-para-semana-fallera\/#primaryimage\",\"url\":\"https:\/\/www.consorciresidus.org\/wp-content\/uploads\/2018\/03\/falles.jpg\",\"contentUrl\":\"https:\/\/www.consorciresidus.org\/wp-content\/uploads\/2018\/03\/falles.jpg\",\"width\":1920,\"height\":650,\"caption\":\"Fallas\"},{\"@type\":\"WebSite\",\"@id\":\"https:\/\/www.consorciresidus.org\/#website\",\"url\":\"https:\/\/www.consorciresidus.org\/\",\"name\":\"Consorcio de Residuos V5 - COR\",\"description\":\"Consorcio para la gesti\u00f3n de residuos\",\"potentialAction\":[{\"@type\":\"SearchAction\",\"target\":{\"@type\":\"EntryPoint\",\"urlTemplate\":\"https:\/\/www.consorciresidus.org\/?s={search_term_string}\"},\"query-input\":{\"@type\":\"PropertyValueSpecification\",\"valueRequired\":true,\"valueName\":\"search_term_string\"}}],\"inLanguage\":\"es\"},{\"@type\":\"Person\",\"@id\":\"https:\/\/www.consorciresidus.org\/#\/schema\/person\/6a82d32a2dda417fcc036de7b6ad6975\",\"name\":\"Xcor\",\"image\":{\"@type\":\"ImageObject\",\"inLanguage\":\"es\",\"@id\":\"https:\/\/www.consorciresidus.org\/#\/schema\/person\/image\/\",\"url\":\"https:\/\/secure.gravatar.com\/avatar\/1822fedf9caf00fc9f698eb42f4c79e8fb5a87d538ab51fae4ba9f42943404dd?s=96&d=mm&r=g\",\"contentUrl\":\"https:\/\/secure.gravatar.com\/avatar\/1822fedf9caf00fc9f698eb42f4c79e8fb5a87d538ab51fae4ba9f42943404dd?s=96&d=mm&r=g\",\"caption\":\"Xcor\"},\"url\":\"https:\/\/www.consorciresidus.org\/es\/author\/xat-cor\/\"}]}<\/script>\n<!-- \/ Yoast SEO plugin. -->","yoast_head_json":{"title":"Dec\u00e1logo para la semana fallera - Consorcio de Residuos V5 - COR","description":"Con motivo de la llegada de las Fallas, publicamos un dec\u00e1logo para disfrutar de las fiestas y apostar por la sostenibilidad.","robots":{"index":"index","follow":"follow","max-snippet":"max-snippet:-1","max-image-preview":"max-image-preview:large","max-video-preview":"max-video-preview:-1"},"canonical":"https:\/\/www.consorciresidus.org\/es\/decalogo-para-semana-fallera\/","og_locale":"es_ES","og_type":"article","og_title":"Dec\u00e1logo para la semana fallera","og_description":"Con motivo de la llegada de las Fallas, publicamos un dec\u00e1logo para disfrutar de las fiestas y apostar por la sostenibilidad.","og_url":"https:\/\/www.consorciresidus.org\/es\/decalogo-para-semana-fallera\/","og_site_name":"Consorcio de Residuos V5 - COR","article_published_time":"2018-03-14T12:40:40+00:00","og_image":[{"width":1920,"height":650,"url":"https:\/\/www.consorciresidus.org\/wp-content\/uploads\/2018\/03\/falles.jpg","type":"image\/jpeg"}],"author":"Xcor","twitter_card":"summary_large_image","twitter_title":"Dec\u00e1logo para la semana fallera","twitter_description":"Con motivo de la llegada de las Fallas, publicamos un dec\u00e1logo para disfrutar de las fiestas y apostar por la sostenibilidad.","twitter_image":"https:\/\/www.consorciresidus.org\/wp-content\/uploads\/2018\/03\/falles.jpg","twitter_misc":{"Escrito por":"Xcor","Tiempo de lectura":"2 minutos"},"schema":{"@context":"https:\/\/schema.org","@graph":[{"@type":"WebPage","@id":"https:\/\/www.consorciresidus.org\/es\/decalogo-para-semana-fallera\/","url":"https:\/\/www.consorciresidus.org\/es\/decalogo-para-semana-fallera\/","name":"Dec\u00e1logo para la semana fallera - Consorcio de Residuos V5 - COR","isPartOf":{"@id":"https:\/\/www.consorciresidus.org\/#website"},"primaryImageOfPage":{"@id":"https:\/\/www.consorciresidus.org\/es\/decalogo-para-semana-fallera\/#primaryimage"},"image":{"@id":"https:\/\/www.consorciresidus.org\/es\/decalogo-para-semana-fallera\/#primaryimage"},"thumbnailUrl":"https:\/\/www.consorciresidus.org\/wp-content\/uploads\/2018\/03\/falles.jpg","datePublished":"2018-03-14T12:40:40+00:00","author":{"@id":"https:\/\/www.consorciresidus.org\/#\/schema\/person\/6a82d32a2dda417fcc036de7b6ad6975"},"description":"Con motivo de la llegada de las Fallas, publicamos un dec\u00e1logo para disfrutar de las fiestas y apostar por la sostenibilidad.","inLanguage":"es","potentialAction":[{"@type":"ReadAction","target":["https:\/\/www.consorciresidus.org\/es\/decalogo-para-semana-fallera\/"]}]},{"@type":"ImageObject","inLanguage":"es","@id":"https:\/\/www.consorciresidus.org\/es\/decalogo-para-semana-fallera\/#primaryimage","url":"https:\/\/www.consorciresidus.org\/wp-content\/uploads\/2018\/03\/falles.jpg","contentUrl":"https:\/\/www.consorciresidus.org\/wp-content\/uploads\/2018\/03\/falles.jpg","width":1920,"height":650,"caption":"Fallas"},{"@type":"WebSite","@id":"https:\/\/www.consorciresidus.org\/#website","url":"https:\/\/www.consorciresidus.org\/","name":"Consorcio de Residuos V5 - COR","description":"Consorcio para la gesti\u00f3n de residuos","potentialAction":[{"@type":"SearchAction","target":{"@type":"EntryPoint","urlTemplate":"https:\/\/www.consorciresidus.org\/?s={search_term_string}"},"query-input":{"@type":"PropertyValueSpecification","valueRequired":true,"valueName":"search_term_string"}}],"inLanguage":"es"},{"@type":"Person","@id":"https:\/\/www.consorciresidus.org\/#\/schema\/person\/6a82d32a2dda417fcc036de7b6ad6975","name":"Xcor","image":{"@type":"ImageObject","inLanguage":"es","@id":"https:\/\/www.consorciresidus.org\/#\/schema\/person\/image\/","url":"https:\/\/secure.gravatar.com\/avatar\/1822fedf9caf00fc9f698eb42f4c79e8fb5a87d538ab51fae4ba9f42943404dd?s=96&d=mm&r=g","contentUrl":"https:\/\/secure.gravatar.com\/avatar\/1822fedf9caf00fc9f698eb42f4c79e8fb5a87d538ab51fae4ba9f42943404dd?s=96&d=mm&r=g","caption":"Xcor"},"url":"https:\/\/www.consorciresidus.org\/es\/author\/xat-cor\/"}]}},"_links":{"self":[{"href":"https:\/\/www.consorciresidus.org\/es\/wp-json\/wp\/v2\/posts\/19418","targetHints":{"allow":["GET"]}}],"collection":[{"href":"https:\/\/www.consorciresidus.org\/es\/wp-json\/wp\/v2\/posts"}],"about":[{"href":"https:\/\/www.consorciresidus.org\/es\/wp-json\/wp\/v2\/types\/post"}],"author":[{"embeddable":true,"href":"https:\/\/www.consorciresidus.org\/es\/wp-json\/wp\/v2\/users\/2"}],"replies":[{"embeddable":true,"href":"https:\/\/www.consorciresidus.org\/es\/wp-json\/wp\/v2\/comments?post=19418"}],"version-history":[{"count":1,"href":"https:\/\/www.consorciresidus.org\/es\/wp-json\/wp\/v2\/posts\/19418\/revisions"}],"predecessor-version":[{"id":19419,"href":"https:\/\/www.consorciresidus.org\/es\/wp-json\/wp\/v2\/posts\/19418\/revisions\/19419"}],"wp:featuredmedia":[{"embeddable":true,"href":"https:\/\/www.consorciresidus.org\/es\/wp-json\/wp\/v2\/media\/19427"}],"wp:attachment":[{"href":"https:\/\/www.consorciresidus.org\/es\/wp-json\/wp\/v2\/media?parent=19418"}],"wp:term":[{"taxonomy":"category","embeddable":true,"href":"https:\/\/www.consorciresidus.org\/es\/wp-json\/wp\/v2\/categories?post=19418"},{"taxonomy":"post_tag","embeddable":true,"href":"https:\/\/www.consorciresidus.org\/es\/wp-json\/wp\/v2\/tags?post=19418"}],"curies":[{"name":"wp","href":"https:\/\/api.w.org\/{rel}","templated":true}]}}