 



{"id":19711,"date":"2018-04-17T10:39:06","date_gmt":"2018-04-17T10:39:06","guid":{"rendered":"https:\/\/www.consorciresidus.org\/generalitat-acaba-definitivament-macroplanta-llanera-ranes\/"},"modified":"2018-04-20T09:55:55","modified_gmt":"2018-04-20T09:55:55","slug":"generalitat-acaba-definitivamente-macroplanta-llanera-ranes","status":"publish","type":"post","link":"https:\/\/www.consorciresidus.org\/es\/generalitat-acaba-definitivamente-macroplanta-llanera-ranes\/","title":{"rendered":"La Generalitat acaba con la macroplanta de Llanera de Ranes"},"content":{"rendered":"<p>El inicio de la tramitaci\u00f3n del nuevo <strong>Plan Integral de Residuos<\/strong> (<a href=\"http:\/\/www.agroambient.gva.es\/ca\/web\/calidad-ambiental\/plan-integral-de-residuos-de-la-comunitat-valenciana-pircv-\">PIR<\/a>) por parte de la Generalitat Valenciana supone la necesidad de adaptaci\u00f3n del proyecto de gesti\u00f3n del COR para poder cumplir con la legislaci\u00f3n que estar\u00e1 vigente dentro de poco. Eso supone la<strong> estocada definitiva a la macroplanta<\/strong> <strong>de Llanera de Ranes<\/strong> y al vertedero, una de las demandas sociales que se ven\u00eda reivindicando de hac\u00eda a\u00f1os. Este nuevo escenario se traduce en la necesidad de adaptarse a una nueva realidad encaminada al cumplimiento de las directivas europeas en gesti\u00f3n de residuos, con los objetivos marcados para 2020 y 2030.<\/p>\n<p>El nuevo PIR invita a caminar hacia un <strong>escenario multiplanta<\/strong>, en un contexto en el que las Plantas no ser\u00e1n el centro principal de la gesti\u00f3n. En su lugar el eje recaer\u00e1 sobre la prevenci\u00f3n en la generaci\u00f3n de residuos y en el tratamiento de los biorresiduos cerca de su centro de generaci\u00f3n. En ese sentido, cabe destacar que el pr\u00f3ximo 2019 se pondr\u00e1 en marcha la Planta de Tratamiento de Biorresiduos para el Valle de Ayora-Cofrentes, y que algunos municipios de la Costera y la Safor ya se han ofrecido para albergar instalaciones similares de tama\u00f1o medio.<\/p>\n<p>El COR es el Consorcio de Residuos con un mayor n\u00famero de poblaci\u00f3n despu\u00e9s del de Valencia, y el ente que m\u00e1s municipios gestiona en toda la Comunidad Valenciana, por lo que la idea del nuevo modelo pasa por dar respuesta de pol\u00edtica p\u00fablica flexible a una realidad territorial y social diversa. Es por eso que los equipos t\u00e9cnicos y jur\u00eddicos del Consorcio llevan trabajando desde hace meses en este nuevo escenario que ahora se abre, y el pr\u00f3ximo paso ser\u00e1 la creaci\u00f3n de una Comisi\u00f3n T\u00e9cnica con la que empezar a trabajar sobre el n\u00famero y la ubicaci\u00f3n de las instalaciones planteadas.<\/p>\n<p>Vallada, Bufali y Ayora ya se han postulado para albergar centros para los biorresiduos, pero no hay que descuidar que se necesitan muchas m\u00e1s instalaciones, ya que cientos de toneladas de residuos, como los de construcci\u00f3n y demolici\u00f3n, poda o los voluminosos se concentran muchas veces en un punto determinado, y son gestionados por gestores privados o por otros consorcios de residuos.<\/p>\n<p>Por el momento el COR ha ido avanzando en el despliegue de la recogida de residuos peligrosos domiciliarios, mediante la puesta en marcha de la red consorciada de ecoparques m\u00e1s extensa de toda la geograf\u00eda valenciana, que ya ha implementado m\u00e1s de un 80% de los 25 ecoparques fijos planteados y que trabajan complementariamente junto a las once unidades de ecoparques m\u00f3viles que viajan por sus 93 municipios desde principios de a\u00f1o.<\/p>\n<h4>Adem\u00e1s, durante este 2018 se va a preparar un plan con el que canalizar y recoger otros residuos dom\u00e9sticos que en este momento no tienen una estrategia clara de recogida, como es el caso de los aceites. El <strong>Consell de Participaci\u00f3n Social<\/strong>, por su parte, ya ha sido informado de esta nueva resoluci\u00f3n de la Direcci\u00f3n General, y ya ha confirmado que participar\u00e1 de forma activa en la configuraci\u00f3n de este nuevo modelo.<\/h4>\n<p>Un compromiso cumplido<\/p>\n<p>El presidente del COR, <strong>Roger Cerd\u00e0<\/strong>, ha destacado que la tramitaci\u00f3n de este nuevo Plan Integral de Residuos \u201csupone acabar con Llanera, que era un compromiso desde el inicio de la legislatura\u201d. No obstante ha matizado que ahora \u201cdebemos buscar alternativas para la gesti\u00f3n de nuestros residuos y ese tiene que ser un proyecto compartido\u201d, y ha tildado la noticia como una oportunidad. \u201cSomos el primer consorcio de Espa\u00f1a que va a preparar un proyecto de gesti\u00f3n basado en las directivas europeas. Vamos a tratar de dise\u00f1ar un proyecto que sea lo m\u00e1s innovador, sostenible y pegado al territorio posible, cumpliendo as\u00ed con la econom\u00eda circular. El reto empieza ahora\u201d.<\/p>\n<p>Adem\u00e1s, Cerd\u00e0 tambi\u00e9n ha agradecido la implicaci\u00f3n de todos los agentes que han contribuido a esta noticia. \u201cGracias a la Consellera Cebri\u00e1n y al Director General, Joan Piquer, por la resoluci\u00f3n de este problema que giraba en torno al COR. Tambi\u00e9n a todos los miembros de la Comisi\u00f3n de Gobierno que, desde el primer momento, se han comprometido con el reto de caminar hacia un nuevo modelo, alternativo a Llanera, m\u00e1s pegado a la realidad y m\u00e1s pensando en el inter\u00e9s general independientemente de sus sensibilidades pol\u00edticas\u201d.<\/p>\n<div style=\"clear:both;\"><\/div>","protected":false},"excerpt":{"rendered":"<p>La tramitaci\u00f3n del nuevo Plan Integral de Residuos (PIR) supone la estocada definitiva a la macroplanta de Llanera de Ranes.<\/p>\n","protected":false},"author":2,"featured_media":19709,"comment_status":"closed","ping_status":"closed","sticky":false,"template":"","format":"standard","meta":{"footnotes":""},"categories":[111,114],"tags":[307,309],"class_list":["post-19711","post","type-post","status-publish","format-standard","has-post-thumbnail","hentry","category-gestion-y-transparencia","category-residuos","tag-plan-integral-de-residuos","tag-planta-de-residuos"],"yoast_head":"<!-- This site is optimized with the Yoast SEO plugin v26.0 - https:\/\/yoast.com\/wordpress\/plugins\/seo\/ -->\n<title>La Generalitat acaba con la macroplanta de Llanera de Ranes - Consorcio de Residuos V5 - COR<\/title>\n<meta name=\"description\" content=\"La tramitaci\u00f3n del nuevo Plan Integral de Residuos (PIR) supone la estocada definitiva a la macroplanta de Llanera de Ranes.\" \/>\n<meta name=\"robots\" content=\"index, follow, max-snippet:-1, max-image-preview:large, max-video-preview:-1\" \/>\n<link rel=\"canonical\" href=\"https:\/\/www.consorciresidus.org\/es\/generalitat-acaba-definitivamente-macroplanta-llanera-ranes\/\" \/>\n<meta property=\"og:locale\" content=\"es_ES\" \/>\n<meta property=\"og:type\" content=\"article\" \/>\n<meta property=\"og:title\" content=\"La Generalitat acaba definitivamente con la macroplanta de Llanera de Ranes\" \/>\n<meta property=\"og:description\" content=\"La tramitaci\u00f3n del nuevo Plan Integral de Residuos (PIR) supone la estocada definitiva a la macroplanta de Llanera de Ranes.\" \/>\n<meta property=\"og:url\" content=\"https:\/\/www.consorciresidus.org\/es\/generalitat-acaba-definitivamente-macroplanta-llanera-ranes\/\" \/>\n<meta property=\"og:site_name\" content=\"Consorcio de Residuos V5 - COR\" \/>\n<meta property=\"article:published_time\" content=\"2018-04-17T10:39:06+00:00\" \/>\n<meta property=\"article:modified_time\" content=\"2018-04-20T09:55:55+00:00\" \/>\n<meta property=\"og:image\" content=\"https:\/\/www.consorciresidus.org\/wp-content\/uploads\/2018\/04\/ndp-pir-i-llanera_web-2.jpg\" \/>\n\t<meta property=\"og:image:width\" content=\"4172\" \/>\n\t<meta property=\"og:image:height\" content=\"1412\" \/>\n\t<meta property=\"og:image:type\" content=\"image\/jpeg\" \/>\n<meta name=\"author\" content=\"Xcor\" \/>\n<meta name=\"twitter:card\" content=\"summary_large_image\" \/>\n<meta name=\"twitter:title\" content=\"La Generalitat acaba definitivamente con la macroplanta de Llanera de Ranes\" \/>\n<meta name=\"twitter:description\" content=\"La tramitaci\u00f3n del nuevo Plan Integral de Residuos (PIR) supone la estocada definitiva a la macroplanta de Llanera de Ranes.\" \/>\n<meta name=\"twitter:image\" content=\"https:\/\/www.consorciresidus.org\/wp-content\/uploads\/2018\/04\/ndp-pir-i-llanera_web-2.jpg\" \/>\n<meta name=\"twitter:label1\" content=\"Escrito por\" \/>\n\t<meta name=\"twitter:data1\" content=\"Xcor\" \/>\n\t<meta name=\"twitter:label2\" content=\"Tiempo de lectura\" \/>\n\t<meta name=\"twitter:data2\" content=\"4 minutos\" \/>\n<script type=\"application\/ld+json\" class=\"yoast-schema-graph\">{\"@context\":\"https:\/\/schema.org\",\"@graph\":[{\"@type\":\"WebPage\",\"@id\":\"https:\/\/www.consorciresidus.org\/es\/generalitat-acaba-definitivamente-macroplanta-llanera-ranes\/\",\"url\":\"https:\/\/www.consorciresidus.org\/es\/generalitat-acaba-definitivamente-macroplanta-llanera-ranes\/\",\"name\":\"La Generalitat acaba con la macroplanta de Llanera de Ranes - Consorcio de Residuos V5 - COR\",\"isPartOf\":{\"@id\":\"https:\/\/www.consorciresidus.org\/#website\"},\"primaryImageOfPage\":{\"@id\":\"https:\/\/www.consorciresidus.org\/es\/generalitat-acaba-definitivamente-macroplanta-llanera-ranes\/#primaryimage\"},\"image\":{\"@id\":\"https:\/\/www.consorciresidus.org\/es\/generalitat-acaba-definitivamente-macroplanta-llanera-ranes\/#primaryimage\"},\"thumbnailUrl\":\"https:\/\/www.consorciresidus.org\/wp-content\/uploads\/2018\/04\/ndp-pir-i-llanera_web-2.jpg\",\"datePublished\":\"2018-04-17T10:39:06+00:00\",\"dateModified\":\"2018-04-20T09:55:55+00:00\",\"author\":{\"@id\":\"https:\/\/www.consorciresidus.org\/#\/schema\/person\/6a82d32a2dda417fcc036de7b6ad6975\"},\"description\":\"La tramitaci\u00f3n del nuevo Plan Integral de Residuos (PIR) supone la estocada definitiva a la macroplanta de Llanera de Ranes.\",\"inLanguage\":\"es\",\"potentialAction\":[{\"@type\":\"ReadAction\",\"target\":[\"https:\/\/www.consorciresidus.org\/es\/generalitat-acaba-definitivamente-macroplanta-llanera-ranes\/\"]}]},{\"@type\":\"ImageObject\",\"inLanguage\":\"es\",\"@id\":\"https:\/\/www.consorciresidus.org\/es\/generalitat-acaba-definitivamente-macroplanta-llanera-ranes\/#primaryimage\",\"url\":\"https:\/\/www.consorciresidus.org\/wp-content\/uploads\/2018\/04\/ndp-pir-i-llanera_web-2.jpg\",\"contentUrl\":\"https:\/\/www.consorciresidus.org\/wp-content\/uploads\/2018\/04\/ndp-pir-i-llanera_web-2.jpg\",\"width\":4172,\"height\":1412,\"caption\":\"Macroplanta de Llanera de Ranes\"},{\"@type\":\"WebSite\",\"@id\":\"https:\/\/www.consorciresidus.org\/#website\",\"url\":\"https:\/\/www.consorciresidus.org\/\",\"name\":\"Consorcio de Residuos V5 - COR\",\"description\":\"Consorcio para la gesti\u00f3n de residuos\",\"potentialAction\":[{\"@type\":\"SearchAction\",\"target\":{\"@type\":\"EntryPoint\",\"urlTemplate\":\"https:\/\/www.consorciresidus.org\/?s={search_term_string}\"},\"query-input\":{\"@type\":\"PropertyValueSpecification\",\"valueRequired\":true,\"valueName\":\"search_term_string\"}}],\"inLanguage\":\"es\"},{\"@type\":\"Person\",\"@id\":\"https:\/\/www.consorciresidus.org\/#\/schema\/person\/6a82d32a2dda417fcc036de7b6ad6975\",\"name\":\"Xcor\",\"image\":{\"@type\":\"ImageObject\",\"inLanguage\":\"es\",\"@id\":\"https:\/\/www.consorciresidus.org\/#\/schema\/person\/image\/\",\"url\":\"https:\/\/secure.gravatar.com\/avatar\/1822fedf9caf00fc9f698eb42f4c79e8fb5a87d538ab51fae4ba9f42943404dd?s=96&d=mm&r=g\",\"contentUrl\":\"https:\/\/secure.gravatar.com\/avatar\/1822fedf9caf00fc9f698eb42f4c79e8fb5a87d538ab51fae4ba9f42943404dd?s=96&d=mm&r=g\",\"caption\":\"Xcor\"},\"url\":\"https:\/\/www.consorciresidus.org\/es\/author\/xat-cor\/\"}]}<\/script>\n<!-- \/ Yoast SEO plugin. -->","yoast_head_json":{"title":"La Generalitat acaba con la macroplanta de Llanera de Ranes - Consorcio de Residuos V5 - COR","description":"La tramitaci\u00f3n del nuevo Plan Integral de Residuos (PIR) supone la estocada definitiva a la macroplanta de Llanera de Ranes.","robots":{"index":"index","follow":"follow","max-snippet":"max-snippet:-1","max-image-preview":"max-image-preview:large","max-video-preview":"max-video-preview:-1"},"canonical":"https:\/\/www.consorciresidus.org\/es\/generalitat-acaba-definitivamente-macroplanta-llanera-ranes\/","og_locale":"es_ES","og_type":"article","og_title":"La Generalitat acaba definitivamente con la macroplanta de Llanera de Ranes","og_description":"La tramitaci\u00f3n del nuevo Plan Integral de Residuos (PIR) supone la estocada definitiva a la macroplanta de Llanera de Ranes.","og_url":"https:\/\/www.consorciresidus.org\/es\/generalitat-acaba-definitivamente-macroplanta-llanera-ranes\/","og_site_name":"Consorcio de Residuos V5 - COR","article_published_time":"2018-04-17T10:39:06+00:00","article_modified_time":"2018-04-20T09:55:55+00:00","og_image":[{"width":4172,"height":1412,"url":"https:\/\/www.consorciresidus.org\/wp-content\/uploads\/2018\/04\/ndp-pir-i-llanera_web-2.jpg","type":"image\/jpeg"}],"author":"Xcor","twitter_card":"summary_large_image","twitter_title":"La Generalitat acaba definitivamente con la macroplanta de Llanera de Ranes","twitter_description":"La tramitaci\u00f3n del nuevo Plan Integral de Residuos (PIR) supone la estocada definitiva a la macroplanta de Llanera de Ranes.","twitter_image":"https:\/\/www.consorciresidus.org\/wp-content\/uploads\/2018\/04\/ndp-pir-i-llanera_web-2.jpg","twitter_misc":{"Escrito por":"Xcor","Tiempo de lectura":"4 minutos"},"schema":{"@context":"https:\/\/schema.org","@graph":[{"@type":"WebPage","@id":"https:\/\/www.consorciresidus.org\/es\/generalitat-acaba-definitivamente-macroplanta-llanera-ranes\/","url":"https:\/\/www.consorciresidus.org\/es\/generalitat-acaba-definitivamente-macroplanta-llanera-ranes\/","name":"La Generalitat acaba con la macroplanta de Llanera de Ranes - Consorcio de Residuos V5 - COR","isPartOf":{"@id":"https:\/\/www.consorciresidus.org\/#website"},"primaryImageOfPage":{"@id":"https:\/\/www.consorciresidus.org\/es\/generalitat-acaba-definitivamente-macroplanta-llanera-ranes\/#primaryimage"},"image":{"@id":"https:\/\/www.consorciresidus.org\/es\/generalitat-acaba-definitivamente-macroplanta-llanera-ranes\/#primaryimage"},"thumbnailUrl":"https:\/\/www.consorciresidus.org\/wp-content\/uploads\/2018\/04\/ndp-pir-i-llanera_web-2.jpg","datePublished":"2018-04-17T10:39:06+00:00","dateModified":"2018-04-20T09:55:55+00:00","author":{"@id":"https:\/\/www.consorciresidus.org\/#\/schema\/person\/6a82d32a2dda417fcc036de7b6ad6975"},"description":"La tramitaci\u00f3n del nuevo Plan Integral de Residuos (PIR) supone la estocada definitiva a la macroplanta de Llanera de Ranes.","inLanguage":"es","potentialAction":[{"@type":"ReadAction","target":["https:\/\/www.consorciresidus.org\/es\/generalitat-acaba-definitivamente-macroplanta-llanera-ranes\/"]}]},{"@type":"ImageObject","inLanguage":"es","@id":"https:\/\/www.consorciresidus.org\/es\/generalitat-acaba-definitivamente-macroplanta-llanera-ranes\/#primaryimage","url":"https:\/\/www.consorciresidus.org\/wp-content\/uploads\/2018\/04\/ndp-pir-i-llanera_web-2.jpg","contentUrl":"https:\/\/www.consorciresidus.org\/wp-content\/uploads\/2018\/04\/ndp-pir-i-llanera_web-2.jpg","width":4172,"height":1412,"caption":"Macroplanta de Llanera de Ranes"},{"@type":"WebSite","@id":"https:\/\/www.consorciresidus.org\/#website","url":"https:\/\/www.consorciresidus.org\/","name":"Consorcio de Residuos V5 - COR","description":"Consorcio para la gesti\u00f3n de residuos","potentialAction":[{"@type":"SearchAction","target":{"@type":"EntryPoint","urlTemplate":"https:\/\/www.consorciresidus.org\/?s={search_term_string}"},"query-input":{"@type":"PropertyValueSpecification","valueRequired":true,"valueName":"search_term_string"}}],"inLanguage":"es"},{"@type":"Person","@id":"https:\/\/www.consorciresidus.org\/#\/schema\/person\/6a82d32a2dda417fcc036de7b6ad6975","name":"Xcor","image":{"@type":"ImageObject","inLanguage":"es","@id":"https:\/\/www.consorciresidus.org\/#\/schema\/person\/image\/","url":"https:\/\/secure.gravatar.com\/avatar\/1822fedf9caf00fc9f698eb42f4c79e8fb5a87d538ab51fae4ba9f42943404dd?s=96&d=mm&r=g","contentUrl":"https:\/\/secure.gravatar.com\/avatar\/1822fedf9caf00fc9f698eb42f4c79e8fb5a87d538ab51fae4ba9f42943404dd?s=96&d=mm&r=g","caption":"Xcor"},"url":"https:\/\/www.consorciresidus.org\/es\/author\/xat-cor\/"}]}},"_links":{"self":[{"href":"https:\/\/www.consorciresidus.org\/es\/wp-json\/wp\/v2\/posts\/19711","targetHints":{"allow":["GET"]}}],"collection":[{"href":"https:\/\/www.consorciresidus.org\/es\/wp-json\/wp\/v2\/posts"}],"about":[{"href":"https:\/\/www.consorciresidus.org\/es\/wp-json\/wp\/v2\/types\/post"}],"author":[{"embeddable":true,"href":"https:\/\/www.consorciresidus.org\/es\/wp-json\/wp\/v2\/users\/2"}],"replies":[{"embeddable":true,"href":"https:\/\/www.consorciresidus.org\/es\/wp-json\/wp\/v2\/comments?post=19711"}],"version-history":[{"count":3,"href":"https:\/\/www.consorciresidus.org\/es\/wp-json\/wp\/v2\/posts\/19711\/revisions"}],"predecessor-version":[{"id":19731,"href":"https:\/\/www.consorciresidus.org\/es\/wp-json\/wp\/v2\/posts\/19711\/revisions\/19731"}],"wp:featuredmedia":[{"embeddable":true,"href":"https:\/\/www.consorciresidus.org\/es\/wp-json\/wp\/v2\/media\/19709"}],"wp:attachment":[{"href":"https:\/\/www.consorciresidus.org\/es\/wp-json\/wp\/v2\/media?parent=19711"}],"wp:term":[{"taxonomy":"category","embeddable":true,"href":"https:\/\/www.consorciresidus.org\/es\/wp-json\/wp\/v2\/categories?post=19711"},{"taxonomy":"post_tag","embeddable":true,"href":"https:\/\/www.consorciresidus.org\/es\/wp-json\/wp\/v2\/tags?post=19711"}],"curies":[{"name":"wp","href":"https:\/\/api.w.org\/{rel}","templated":true}]}}