 



{"id":20292,"date":"2018-06-15T08:06:30","date_gmt":"2018-06-15T08:06:30","guid":{"rendered":"https:\/\/www.consorciresidus.org\/aiora-capital-de-la-recogida-selectiva\/"},"modified":"2018-06-15T08:14:33","modified_gmt":"2018-06-15T08:14:33","slug":"ayora-capital-de-la-recogida-selectiva","status":"publish","type":"post","link":"https:\/\/www.consorciresidus.org\/es\/ayora-capital-de-la-recogida-selectiva\/","title":{"rendered":"Ayora, capital de la recogida selectiva"},"content":{"rendered":"<p>Ayora acogi\u00f3 este martes una Jornada explicativa sobre su proyecto \u201c<strong>Ayora Composta<\/strong>\u201d, que trabaja con el compostaje dom\u00e9stico y la recogida puerta a puerta de la materia org\u00e1nica, convirtiendo a los vecinos de la localidad en protagonistas gracias a un proyecto piloto.<\/p>\n<p>Respecto al compostaje dom\u00e9stico, el municipio del Valle de Ayora-Cofrentes ha realizado <strong>8 talleres de compostaje<\/strong> que han logrado involucrar a m\u00e1s 100 familias, las cuales realizan este compostaje en sus jardines o huertas, gestionando sus restos de comida de manera autosuficiente y llegando a conseguir unas 25 toneladas de compost anuales.<\/p>\n<p>En la recogida puerta a puerta, por su parte, participan <strong>150 familias<\/strong> del barrio de Chichiles desde el pasado mes de noviembre, y un mes despu\u00e9s se ampli\u00f3 a la calle L\u00f3pez Trigo. La acci\u00f3n se complementa con otras 70 familias que depositan sus restos de comida en cuatro contenedores de org\u00e1nica repartidos por la localidad y con la Residencia y Centro de D\u00eda, donde habitualmente se dan 70 men\u00fas de desayuno, comida y cena.<\/p>\n<blockquote><p>\nEl municipio recoge tres d\u00edas por semana 1,5 toneladas de restos org\u00e1nicos, y a d\u00eda de hoy llevan recogidas 36 toneladas de materia org\u00e1nica con el valor a\u00f1adido de que la proporci\u00f3n de impropios est\u00e1 por debajo del 1%.<\/p><\/blockquote>\n<p>En cuanto al <strong>compostaje comunitario<\/strong>, tambi\u00e9n se ha trabajado con el colegio Isidro Girant, en el que el proyecto, gestionado por los propios alumnos, ha consistido en trabajar con el sobrante de un total de 40 men\u00fas diarios. Todos estos restos de comida son tratados en una peque\u00f1a planta de compostaje, que recibi\u00f3 la visita de los asistentes a la Jornada, y donde se realiz\u00f3 una actividad abierta de uso de compost, mediante la preparaci\u00f3n de plantones arb\u00f3reos y arbustivos en la carretera de acceso.<\/p>\n<p>El proyecto cuenta con el apoyo del Ayuntamiento de Ayora y de la Universidad Miguel Hern\u00e1ndez (UMH), que realiza todo el acompa\u00f1amiento y monitorizaci\u00f3n del proceso. A la Jornada de presentaci\u00f3n de \u201cAyora Composta\u201d asistieron el presidente de la Comisi\u00f3n de Biorresiduos del COR, Vicent Mu\u00f1oz, el alcalde de Ayora y miembro de la Comisi\u00f3n de Biorresiduos Jos\u00e9 Vicente Anaya, el gerente del COR Sergi P\u00e9rez, as\u00ed como el Catedr\u00e1tico de la UMH Ra\u00fal Moral, el t\u00e9cnico Mikel Vela y otros miembros del equipo de la universidad, los cuales realizaron una mesa redonda sobre la recogida selectiva ciudadana y el dise\u00f1o de un sistema de valorizaci\u00f3n de la fracci\u00f3n org\u00e1nica dom\u00e9stica.<\/p>\n<div style=\"clear:both;\"><\/div>","protected":false},"excerpt":{"rendered":"<p>Ayora acogi\u00f3 este martes una Jornada explicativa sobre su proyecto \u201cAyora Composta\u201d, que trabaja con el compostaje dom\u00e9stico y la recogida selectiva puerta a puerta de la materia org\u00e1nica.<\/p>\n","protected":false},"author":2,"featured_media":20290,"comment_status":"closed","ping_status":"closed","sticky":false,"template":"","format":"standard","meta":{"footnotes":""},"categories":[114],"tags":[182,315],"class_list":["post-20292","post","type-post","status-publish","format-standard","has-post-thumbnail","hentry","category-residuos","tag-biorresiduos","tag-recogida-selectiva"],"yoast_head":"<!-- This site is optimized with the Yoast SEO plugin v26.0 - https:\/\/yoast.com\/wordpress\/plugins\/seo\/ -->\n<title>Ayora, capital de la recogida selectiva - Consorcio de Residuos V5 - COR<\/title>\n<meta name=\"description\" content=\"Ayora acogi\u00f3 este martes una Jornada explicativa sobre su proyecto \u201cAyora Composta\u201d, que trabaja con el compostaje dom\u00e9stico y la recogida selectiva puerta a puerta de la materia org\u00e1nica.\" \/>\n<meta name=\"robots\" content=\"index, follow, max-snippet:-1, max-image-preview:large, max-video-preview:-1\" \/>\n<link rel=\"canonical\" href=\"https:\/\/www.consorciresidus.org\/es\/ayora-capital-de-la-recogida-selectiva\/\" \/>\n<meta property=\"og:locale\" content=\"es_ES\" \/>\n<meta property=\"og:type\" content=\"article\" \/>\n<meta property=\"og:title\" content=\"Ayora, capital de la recogida selectiva\" \/>\n<meta property=\"og:description\" content=\"Ayora acogi\u00f3 este martes una Jornada explicativa sobre su proyecto \u201cAyora Composta\u201d, que trabaja con el compostaje dom\u00e9stico y la recogida selectiva puerta a puerta de la materia org\u00e1nica.\" \/>\n<meta property=\"og:url\" content=\"https:\/\/www.consorciresidus.org\/es\/ayora-capital-de-la-recogida-selectiva\/\" \/>\n<meta property=\"og:site_name\" content=\"Consorcio de Residuos V5 - COR\" \/>\n<meta property=\"article:published_time\" content=\"2018-06-15T08:06:30+00:00\" \/>\n<meta property=\"article:modified_time\" content=\"2018-06-15T08:14:33+00:00\" \/>\n<meta property=\"og:image\" content=\"https:\/\/www.consorciresidus.org\/wp-content\/uploads\/2018\/06\/recollida-selectiva.jpg\" \/>\n\t<meta property=\"og:image:width\" content=\"1270\" \/>\n\t<meta property=\"og:image:height\" content=\"754\" \/>\n\t<meta property=\"og:image:type\" content=\"image\/jpeg\" \/>\n<meta name=\"author\" content=\"Xcor\" \/>\n<meta name=\"twitter:card\" content=\"summary_large_image\" \/>\n<meta name=\"twitter:title\" content=\"Ayora, capital de la recogida selectiva\" \/>\n<meta name=\"twitter:description\" content=\"Ayora acogi\u00f3 este martes una Jornada explicativa sobre su proyecto \u201cAyora Composta\u201d, que trabaja con el compostaje dom\u00e9stico y la recogida selectiva puerta a puerta de la materia org\u00e1nica.\" \/>\n<meta name=\"twitter:image\" content=\"https:\/\/www.consorciresidus.org\/wp-content\/uploads\/2018\/06\/recollida-selectiva.jpg\" \/>\n<meta name=\"twitter:label1\" content=\"Escrito por\" \/>\n\t<meta name=\"twitter:data1\" content=\"Xcor\" \/>\n\t<meta name=\"twitter:label2\" content=\"Tiempo de lectura\" \/>\n\t<meta name=\"twitter:data2\" content=\"2 minutos\" \/>\n<script type=\"application\/ld+json\" class=\"yoast-schema-graph\">{\"@context\":\"https:\/\/schema.org\",\"@graph\":[{\"@type\":\"WebPage\",\"@id\":\"https:\/\/www.consorciresidus.org\/es\/ayora-capital-de-la-recogida-selectiva\/\",\"url\":\"https:\/\/www.consorciresidus.org\/es\/ayora-capital-de-la-recogida-selectiva\/\",\"name\":\"Ayora, capital de la recogida selectiva - Consorcio de Residuos V5 - COR\",\"isPartOf\":{\"@id\":\"https:\/\/www.consorciresidus.org\/#website\"},\"primaryImageOfPage\":{\"@id\":\"https:\/\/www.consorciresidus.org\/es\/ayora-capital-de-la-recogida-selectiva\/#primaryimage\"},\"image\":{\"@id\":\"https:\/\/www.consorciresidus.org\/es\/ayora-capital-de-la-recogida-selectiva\/#primaryimage\"},\"thumbnailUrl\":\"https:\/\/www.consorciresidus.org\/wp-content\/uploads\/2018\/06\/recollida-selectiva.jpg\",\"datePublished\":\"2018-06-15T08:06:30+00:00\",\"dateModified\":\"2018-06-15T08:14:33+00:00\",\"author\":{\"@id\":\"https:\/\/www.consorciresidus.org\/#\/schema\/person\/6a82d32a2dda417fcc036de7b6ad6975\"},\"description\":\"Ayora acogi\u00f3 este martes una Jornada explicativa sobre su proyecto \u201cAyora Composta\u201d, que trabaja con el compostaje dom\u00e9stico y la recogida selectiva puerta a puerta de la materia org\u00e1nica.\",\"inLanguage\":\"es\",\"potentialAction\":[{\"@type\":\"ReadAction\",\"target\":[\"https:\/\/www.consorciresidus.org\/es\/ayora-capital-de-la-recogida-selectiva\/\"]}]},{\"@type\":\"ImageObject\",\"inLanguage\":\"es\",\"@id\":\"https:\/\/www.consorciresidus.org\/es\/ayora-capital-de-la-recogida-selectiva\/#primaryimage\",\"url\":\"https:\/\/www.consorciresidus.org\/wp-content\/uploads\/2018\/06\/recollida-selectiva.jpg\",\"contentUrl\":\"https:\/\/www.consorciresidus.org\/wp-content\/uploads\/2018\/06\/recollida-selectiva.jpg\",\"width\":1270,\"height\":754,\"caption\":\"Recogida selectiva\"},{\"@type\":\"WebSite\",\"@id\":\"https:\/\/www.consorciresidus.org\/#website\",\"url\":\"https:\/\/www.consorciresidus.org\/\",\"name\":\"Consorcio de Residuos V5 - COR\",\"description\":\"Consorcio para la gesti\u00f3n de residuos\",\"potentialAction\":[{\"@type\":\"SearchAction\",\"target\":{\"@type\":\"EntryPoint\",\"urlTemplate\":\"https:\/\/www.consorciresidus.org\/?s={search_term_string}\"},\"query-input\":{\"@type\":\"PropertyValueSpecification\",\"valueRequired\":true,\"valueName\":\"search_term_string\"}}],\"inLanguage\":\"es\"},{\"@type\":\"Person\",\"@id\":\"https:\/\/www.consorciresidus.org\/#\/schema\/person\/6a82d32a2dda417fcc036de7b6ad6975\",\"name\":\"Xcor\",\"image\":{\"@type\":\"ImageObject\",\"inLanguage\":\"es\",\"@id\":\"https:\/\/www.consorciresidus.org\/#\/schema\/person\/image\/\",\"url\":\"https:\/\/secure.gravatar.com\/avatar\/1822fedf9caf00fc9f698eb42f4c79e8fb5a87d538ab51fae4ba9f42943404dd?s=96&d=mm&r=g\",\"contentUrl\":\"https:\/\/secure.gravatar.com\/avatar\/1822fedf9caf00fc9f698eb42f4c79e8fb5a87d538ab51fae4ba9f42943404dd?s=96&d=mm&r=g\",\"caption\":\"Xcor\"},\"url\":\"https:\/\/www.consorciresidus.org\/es\/author\/xat-cor\/\"}]}<\/script>\n<!-- \/ Yoast SEO plugin. -->","yoast_head_json":{"title":"Ayora, capital de la recogida selectiva - Consorcio de Residuos V5 - COR","description":"Ayora acogi\u00f3 este martes una Jornada explicativa sobre su proyecto \u201cAyora Composta\u201d, que trabaja con el compostaje dom\u00e9stico y la recogida selectiva puerta a puerta de la materia org\u00e1nica.","robots":{"index":"index","follow":"follow","max-snippet":"max-snippet:-1","max-image-preview":"max-image-preview:large","max-video-preview":"max-video-preview:-1"},"canonical":"https:\/\/www.consorciresidus.org\/es\/ayora-capital-de-la-recogida-selectiva\/","og_locale":"es_ES","og_type":"article","og_title":"Ayora, capital de la recogida selectiva","og_description":"Ayora acogi\u00f3 este martes una Jornada explicativa sobre su proyecto \u201cAyora Composta\u201d, que trabaja con el compostaje dom\u00e9stico y la recogida selectiva puerta a puerta de la materia org\u00e1nica.","og_url":"https:\/\/www.consorciresidus.org\/es\/ayora-capital-de-la-recogida-selectiva\/","og_site_name":"Consorcio de Residuos V5 - COR","article_published_time":"2018-06-15T08:06:30+00:00","article_modified_time":"2018-06-15T08:14:33+00:00","og_image":[{"width":1270,"height":754,"url":"https:\/\/www.consorciresidus.org\/wp-content\/uploads\/2018\/06\/recollida-selectiva.jpg","type":"image\/jpeg"}],"author":"Xcor","twitter_card":"summary_large_image","twitter_title":"Ayora, capital de la recogida selectiva","twitter_description":"Ayora acogi\u00f3 este martes una Jornada explicativa sobre su proyecto \u201cAyora Composta\u201d, que trabaja con el compostaje dom\u00e9stico y la recogida selectiva puerta a puerta de la materia org\u00e1nica.","twitter_image":"https:\/\/www.consorciresidus.org\/wp-content\/uploads\/2018\/06\/recollida-selectiva.jpg","twitter_misc":{"Escrito por":"Xcor","Tiempo de lectura":"2 minutos"},"schema":{"@context":"https:\/\/schema.org","@graph":[{"@type":"WebPage","@id":"https:\/\/www.consorciresidus.org\/es\/ayora-capital-de-la-recogida-selectiva\/","url":"https:\/\/www.consorciresidus.org\/es\/ayora-capital-de-la-recogida-selectiva\/","name":"Ayora, capital de la recogida selectiva - Consorcio de Residuos V5 - COR","isPartOf":{"@id":"https:\/\/www.consorciresidus.org\/#website"},"primaryImageOfPage":{"@id":"https:\/\/www.consorciresidus.org\/es\/ayora-capital-de-la-recogida-selectiva\/#primaryimage"},"image":{"@id":"https:\/\/www.consorciresidus.org\/es\/ayora-capital-de-la-recogida-selectiva\/#primaryimage"},"thumbnailUrl":"https:\/\/www.consorciresidus.org\/wp-content\/uploads\/2018\/06\/recollida-selectiva.jpg","datePublished":"2018-06-15T08:06:30+00:00","dateModified":"2018-06-15T08:14:33+00:00","author":{"@id":"https:\/\/www.consorciresidus.org\/#\/schema\/person\/6a82d32a2dda417fcc036de7b6ad6975"},"description":"Ayora acogi\u00f3 este martes una Jornada explicativa sobre su proyecto \u201cAyora Composta\u201d, que trabaja con el compostaje dom\u00e9stico y la recogida selectiva puerta a puerta de la materia org\u00e1nica.","inLanguage":"es","potentialAction":[{"@type":"ReadAction","target":["https:\/\/www.consorciresidus.org\/es\/ayora-capital-de-la-recogida-selectiva\/"]}]},{"@type":"ImageObject","inLanguage":"es","@id":"https:\/\/www.consorciresidus.org\/es\/ayora-capital-de-la-recogida-selectiva\/#primaryimage","url":"https:\/\/www.consorciresidus.org\/wp-content\/uploads\/2018\/06\/recollida-selectiva.jpg","contentUrl":"https:\/\/www.consorciresidus.org\/wp-content\/uploads\/2018\/06\/recollida-selectiva.jpg","width":1270,"height":754,"caption":"Recogida selectiva"},{"@type":"WebSite","@id":"https:\/\/www.consorciresidus.org\/#website","url":"https:\/\/www.consorciresidus.org\/","name":"Consorcio de Residuos V5 - COR","description":"Consorcio para la gesti\u00f3n de residuos","potentialAction":[{"@type":"SearchAction","target":{"@type":"EntryPoint","urlTemplate":"https:\/\/www.consorciresidus.org\/?s={search_term_string}"},"query-input":{"@type":"PropertyValueSpecification","valueRequired":true,"valueName":"search_term_string"}}],"inLanguage":"es"},{"@type":"Person","@id":"https:\/\/www.consorciresidus.org\/#\/schema\/person\/6a82d32a2dda417fcc036de7b6ad6975","name":"Xcor","image":{"@type":"ImageObject","inLanguage":"es","@id":"https:\/\/www.consorciresidus.org\/#\/schema\/person\/image\/","url":"https:\/\/secure.gravatar.com\/avatar\/1822fedf9caf00fc9f698eb42f4c79e8fb5a87d538ab51fae4ba9f42943404dd?s=96&d=mm&r=g","contentUrl":"https:\/\/secure.gravatar.com\/avatar\/1822fedf9caf00fc9f698eb42f4c79e8fb5a87d538ab51fae4ba9f42943404dd?s=96&d=mm&r=g","caption":"Xcor"},"url":"https:\/\/www.consorciresidus.org\/es\/author\/xat-cor\/"}]}},"_links":{"self":[{"href":"https:\/\/www.consorciresidus.org\/es\/wp-json\/wp\/v2\/posts\/20292","targetHints":{"allow":["GET"]}}],"collection":[{"href":"https:\/\/www.consorciresidus.org\/es\/wp-json\/wp\/v2\/posts"}],"about":[{"href":"https:\/\/www.consorciresidus.org\/es\/wp-json\/wp\/v2\/types\/post"}],"author":[{"embeddable":true,"href":"https:\/\/www.consorciresidus.org\/es\/wp-json\/wp\/v2\/users\/2"}],"replies":[{"embeddable":true,"href":"https:\/\/www.consorciresidus.org\/es\/wp-json\/wp\/v2\/comments?post=20292"}],"version-history":[{"count":3,"href":"https:\/\/www.consorciresidus.org\/es\/wp-json\/wp\/v2\/posts\/20292\/revisions"}],"predecessor-version":[{"id":20296,"href":"https:\/\/www.consorciresidus.org\/es\/wp-json\/wp\/v2\/posts\/20292\/revisions\/20296"}],"wp:featuredmedia":[{"embeddable":true,"href":"https:\/\/www.consorciresidus.org\/es\/wp-json\/wp\/v2\/media\/20290"}],"wp:attachment":[{"href":"https:\/\/www.consorciresidus.org\/es\/wp-json\/wp\/v2\/media?parent=20292"}],"wp:term":[{"taxonomy":"category","embeddable":true,"href":"https:\/\/www.consorciresidus.org\/es\/wp-json\/wp\/v2\/categories?post=20292"},{"taxonomy":"post_tag","embeddable":true,"href":"https:\/\/www.consorciresidus.org\/es\/wp-json\/wp\/v2\/tags?post=20292"}],"curies":[{"name":"wp","href":"https:\/\/api.w.org\/{rel}","templated":true}]}}