 



{"id":21363,"date":"2019-06-20T11:06:53","date_gmt":"2019-06-20T11:06:53","guid":{"rendered":"https:\/\/www.consorciresidus.org\/el-cor-llanca-campanya-especial-desitjos-sant-joan\/"},"modified":"2019-06-20T12:22:17","modified_gmt":"2019-06-20T12:22:17","slug":"el-cor-lanza-la-campana-especial-desitjos-de-sant-joan","status":"publish","type":"post","link":"https:\/\/www.consorciresidus.org\/es\/el-cor-lanza-la-campana-especial-desitjos-de-sant-joan\/","title":{"rendered":"El COR lanza la campa\u00f1a especial Desitjos de Sant Joan"},"content":{"rendered":"[vc_row][vc_column][mk_dropcaps style=\u00bbfancy-style\u00bb]B[\/mk_dropcaps][vc_column_text css=\u00bb.vc_custom_1561033334563{margin-bottom: 0px !important;}\u00bb]a\u00f1arse la noche de San Juan en la playa y no encontrar pl\u00e1sticos o saltar siete veces el fuego y no pinchar-se con vidrios son algunos de los <strong>Desitjos de Sant Joan<\/strong> del Consorcio para la Gesti\u00f3n de Residuos para una de los noches m\u00e1s m\u00e1gicas del a\u00f1o como es San Juan. Por eso, para pasar una noche divertida y a la vez responsable, el COR lanza una <strong>campa\u00f1a de concienciaci\u00f3n<\/strong>, con un dec\u00e1logo de buenas pr\u00e1cticas y un concurso en redes sociales para animar a la sensibilizaci\u00f3n.<\/p>\n<p>Desde <strong>consejos<\/strong> como apagar bien el fuego o evitar el uso de cuberter\u00eda que al romperse pueda ser cortante, el COR ofrece en su compendio de ideas para disfrutar de esta noche dejando la playa limpia y sin suciedad. .<\/p>\n<blockquote><p>Adem\u00e1s, lanza el concurso para redes sociales \u2018Desitjos de Sant Joan\u2019, animando a los participantes a licitar una foto que muestre una acci\u00f3n responsable en la noche de San Juan o un deseo ambiental con el hashtag <strong>#Desitjosdesantjoan<\/strong>.<\/p><\/blockquote>\n<p>El COR regalar\u00e1 sets de camisetas a los que m\u00e1s difusi\u00f3n consiguen. La participaci\u00f3n es abierta en todas los redes sociales donde est\u00e1 presente el COR: <strong>Facebook, Twitter e Instagram<\/strong>.<\/p>\n<p>Con esta campa\u00f1a, el COR quiere apoyar las campa\u00f1as habituales por San Juan de pueblos o ciudades costeras de su red consorciada como Oliva, Gandia o Xeraco, sirviendo de refuerzo a los respectivos Ayuntamientos y difundiendo un mensaje de respeto.<\/p>\n<h3>A COR, #DesitjosdeSantJoan<\/h3>\n<p>Este San Juan deseo:<\/p>\n<ul>\n<li>Disfrutar de una noche m\u00e1gica con mi familia y amigos (y dejar la playa igual de limpia que la encontr\u00e9)<\/li>\n<li>Saltar siete veces el fuego (y no enterrar los brasas en la arena)<\/li>\n<li>Ba\u00f1ar-me a los doce de la noche (y no encontrar-me pl\u00e1sticos en el mar)<\/li>\n<li>Saltar nueve olas de espaldas\u2026 y pedir un deseo para todo el a\u00f1o.<\/li>\n<\/ul>\n<p>Te deseamos un San Juan responsable y as\u00ed tendremos un futuro m\u00e1s sostenible. <strong>Sube tu foto de un comportamiento responsable<\/strong> en la noche de San Juan o un deseo ambiental con el hashtag <strong>#DesitjosdeSantJoan<\/strong>, y ayudanos a concienciar a la gente. La que m\u00e1s difusi\u00f3n tenga, ser\u00e1 obsequiada con un set de tres camisetas especiales del COR para lucir en la playa por tu buen comportamiento ambiental![\/vc_column_text][\/vc_column][\/vc_row][vc_row][vc_column][vc_column_text]\n[\/vc_column_text][\/vc_column][\/vc_row][vc_row][vc_column width=\u00bb1\/2&#8243;][vc_btn title=\u00bbDEC\u00c0LEG DE BONES PR\u00c0CTIQUES\u00bb color=\u00bbprimary\u00bb i_icon_fontawesome=\u00bbfa fa-download\u00bb add_icon=\u00bbtrue\u00bb link=\u00bburl:https%3A%2F%2Fwww.consorciresidus.org%2Fwp-content%2Fuploads%2F2019%2F06%2Fdecalogo-sant-joan.jpg|title:Dec%C3%A0leg%20de%20bones%20pr%C3%A0ctiques%20de%20Sant%20Joan|target:%20_blank|\u00bb][\/vc_column][vc_column width=\u00bb1\/2&#8243;][vc_btn title=\u00bbFULL VOLANT DE LA CAMPA\u00d1A\u00bb color=\u00bbprimary\u00bb i_icon_fontawesome=\u00bbfa fa-download\u00bb add_icon=\u00bbtrue\u00bb link=\u00bburl:https%3A%2F%2Fwww.consorciresidus.org%2Fwp-content%2Fuploads%2F2019%2F06%2Fflyer-general-val.jpg|title:Fullet%20explicatiu|target:%20_blank|\u00bb][\/vc_column][\/vc_row]\n<div style=\"clear:both;\"><\/div>","protected":false},"excerpt":{"rendered":"<p>El COR lanza Desitjos de Sant Joan, una campa\u00f1a especial de concienciaci\u00f3n por la noche m\u00e1s m\u00e1gica del a\u00f1o, que incluye un concurso en las redes sociales.<\/p>\n","protected":false},"author":2,"featured_media":21353,"comment_status":"closed","ping_status":"closed","sticky":false,"template":"","format":"standard","meta":{"footnotes":""},"categories":[114],"tags":[340],"class_list":["post-21363","post","type-post","status-publish","format-standard","has-post-thumbnail","hentry","category-residuos","tag-san-juan"],"yoast_head":"<!-- This site is optimized with the Yoast SEO plugin v26.0 - https:\/\/yoast.com\/wordpress\/plugins\/seo\/ -->\n<title>El COR lanza la campa\u00f1a especial Desitjos de Sant Joan - Consorcio de Residuos V5 - COR<\/title>\n<meta name=\"description\" content=\"El COR lanza Desitjos de Sant Joan, una campa\u00f1a especial de concienciaci\u00f3n por la noche m\u00e1s m\u00e1gica del a\u00f1o, que incluye un concurso en las redes sociales.\" \/>\n<meta name=\"robots\" content=\"index, follow, max-snippet:-1, max-image-preview:large, max-video-preview:-1\" \/>\n<link rel=\"canonical\" href=\"https:\/\/www.consorciresidus.org\/es\/el-cor-lanza-la-campana-especial-desitjos-de-sant-joan\/\" \/>\n<meta property=\"og:locale\" content=\"es_ES\" \/>\n<meta property=\"og:type\" content=\"article\" \/>\n<meta property=\"og:title\" content=\"El COR lanza la campa\u00f1a especial Desitjos de Sant Joan\" \/>\n<meta property=\"og:description\" content=\"El COR lanza Desitjos de Sant Joan, una campa\u00f1a especial de concienciaci\u00f3n por la noche m\u00e1s m\u00e1gica del a\u00f1o, que incluye un concurso en las redes sociales.\" \/>\n<meta property=\"og:url\" content=\"https:\/\/www.consorciresidus.org\/es\/el-cor-lanza-la-campana-especial-desitjos-de-sant-joan\/\" \/>\n<meta property=\"og:site_name\" content=\"Consorcio de Residuos V5 - COR\" \/>\n<meta property=\"article:published_time\" content=\"2019-06-20T11:06:53+00:00\" \/>\n<meta property=\"article:modified_time\" content=\"2019-06-20T12:22:17+00:00\" \/>\n<meta property=\"og:image\" content=\"https:\/\/www.consorciresidus.org\/wp-content\/uploads\/2019\/06\/desitjos-de-sant-joan.jpg\" \/>\n\t<meta property=\"og:image:width\" content=\"1280\" \/>\n\t<meta property=\"og:image:height\" content=\"667\" \/>\n\t<meta property=\"og:image:type\" content=\"image\/jpeg\" \/>\n<meta name=\"author\" content=\"Xcor\" \/>\n<meta name=\"twitter:card\" content=\"summary_large_image\" \/>\n<meta name=\"twitter:title\" content=\"El COR lanza la campa\u00f1a especial Desitjos de Sant Joan\" \/>\n<meta name=\"twitter:description\" content=\"El COR lanza Desitjos de Sant Joan, una campa\u00f1a especial de concienciaci\u00f3n por la noche m\u00e1s m\u00e1gica del a\u00f1o, que incluye un concurso en las redes sociales.\" \/>\n<meta name=\"twitter:image\" content=\"https:\/\/www.consorciresidus.org\/wp-content\/uploads\/2019\/06\/desitjos-de-sant-joan.jpg\" \/>\n<meta name=\"twitter:label1\" content=\"Escrito por\" \/>\n\t<meta name=\"twitter:data1\" content=\"Xcor\" \/>\n\t<meta name=\"twitter:label2\" content=\"Tiempo de lectura\" \/>\n\t<meta name=\"twitter:data2\" content=\"3 minutos\" \/>\n<script type=\"application\/ld+json\" class=\"yoast-schema-graph\">{\"@context\":\"https:\/\/schema.org\",\"@graph\":[{\"@type\":\"WebPage\",\"@id\":\"https:\/\/www.consorciresidus.org\/es\/el-cor-lanza-la-campana-especial-desitjos-de-sant-joan\/\",\"url\":\"https:\/\/www.consorciresidus.org\/es\/el-cor-lanza-la-campana-especial-desitjos-de-sant-joan\/\",\"name\":\"El COR lanza la campa\u00f1a especial Desitjos de Sant Joan - Consorcio de Residuos V5 - COR\",\"isPartOf\":{\"@id\":\"https:\/\/www.consorciresidus.org\/#website\"},\"primaryImageOfPage\":{\"@id\":\"https:\/\/www.consorciresidus.org\/es\/el-cor-lanza-la-campana-especial-desitjos-de-sant-joan\/#primaryimage\"},\"image\":{\"@id\":\"https:\/\/www.consorciresidus.org\/es\/el-cor-lanza-la-campana-especial-desitjos-de-sant-joan\/#primaryimage\"},\"thumbnailUrl\":\"https:\/\/www.consorciresidus.org\/wp-content\/uploads\/2019\/06\/desitjos-de-sant-joan.jpg\",\"datePublished\":\"2019-06-20T11:06:53+00:00\",\"dateModified\":\"2019-06-20T12:22:17+00:00\",\"author\":{\"@id\":\"https:\/\/www.consorciresidus.org\/#\/schema\/person\/6a82d32a2dda417fcc036de7b6ad6975\"},\"description\":\"El COR lanza Desitjos de Sant Joan, una campa\u00f1a especial de concienciaci\u00f3n por la noche m\u00e1s m\u00e1gica del a\u00f1o, que incluye un concurso en las redes sociales.\",\"inLanguage\":\"es\",\"potentialAction\":[{\"@type\":\"ReadAction\",\"target\":[\"https:\/\/www.consorciresidus.org\/es\/el-cor-lanza-la-campana-especial-desitjos-de-sant-joan\/\"]}]},{\"@type\":\"ImageObject\",\"inLanguage\":\"es\",\"@id\":\"https:\/\/www.consorciresidus.org\/es\/el-cor-lanza-la-campana-especial-desitjos-de-sant-joan\/#primaryimage\",\"url\":\"https:\/\/www.consorciresidus.org\/wp-content\/uploads\/2019\/06\/desitjos-de-sant-joan.jpg\",\"contentUrl\":\"https:\/\/www.consorciresidus.org\/wp-content\/uploads\/2019\/06\/desitjos-de-sant-joan.jpg\",\"width\":1280,\"height\":667,\"caption\":\"Desitjos de Sant Joan\"},{\"@type\":\"WebSite\",\"@id\":\"https:\/\/www.consorciresidus.org\/#website\",\"url\":\"https:\/\/www.consorciresidus.org\/\",\"name\":\"Consorcio de Residuos V5 - COR\",\"description\":\"Consorcio para la gesti\u00f3n de residuos\",\"potentialAction\":[{\"@type\":\"SearchAction\",\"target\":{\"@type\":\"EntryPoint\",\"urlTemplate\":\"https:\/\/www.consorciresidus.org\/?s={search_term_string}\"},\"query-input\":{\"@type\":\"PropertyValueSpecification\",\"valueRequired\":true,\"valueName\":\"search_term_string\"}}],\"inLanguage\":\"es\"},{\"@type\":\"Person\",\"@id\":\"https:\/\/www.consorciresidus.org\/#\/schema\/person\/6a82d32a2dda417fcc036de7b6ad6975\",\"name\":\"Xcor\",\"image\":{\"@type\":\"ImageObject\",\"inLanguage\":\"es\",\"@id\":\"https:\/\/www.consorciresidus.org\/#\/schema\/person\/image\/\",\"url\":\"https:\/\/secure.gravatar.com\/avatar\/1822fedf9caf00fc9f698eb42f4c79e8fb5a87d538ab51fae4ba9f42943404dd?s=96&d=mm&r=g\",\"contentUrl\":\"https:\/\/secure.gravatar.com\/avatar\/1822fedf9caf00fc9f698eb42f4c79e8fb5a87d538ab51fae4ba9f42943404dd?s=96&d=mm&r=g\",\"caption\":\"Xcor\"},\"url\":\"https:\/\/www.consorciresidus.org\/es\/author\/xat-cor\/\"}]}<\/script>\n<!-- \/ Yoast SEO plugin. -->","yoast_head_json":{"title":"El COR lanza la campa\u00f1a especial Desitjos de Sant Joan - Consorcio de Residuos V5 - COR","description":"El COR lanza Desitjos de Sant Joan, una campa\u00f1a especial de concienciaci\u00f3n por la noche m\u00e1s m\u00e1gica del a\u00f1o, que incluye un concurso en las redes sociales.","robots":{"index":"index","follow":"follow","max-snippet":"max-snippet:-1","max-image-preview":"max-image-preview:large","max-video-preview":"max-video-preview:-1"},"canonical":"https:\/\/www.consorciresidus.org\/es\/el-cor-lanza-la-campana-especial-desitjos-de-sant-joan\/","og_locale":"es_ES","og_type":"article","og_title":"El COR lanza la campa\u00f1a especial Desitjos de Sant Joan","og_description":"El COR lanza Desitjos de Sant Joan, una campa\u00f1a especial de concienciaci\u00f3n por la noche m\u00e1s m\u00e1gica del a\u00f1o, que incluye un concurso en las redes sociales.","og_url":"https:\/\/www.consorciresidus.org\/es\/el-cor-lanza-la-campana-especial-desitjos-de-sant-joan\/","og_site_name":"Consorcio de Residuos V5 - COR","article_published_time":"2019-06-20T11:06:53+00:00","article_modified_time":"2019-06-20T12:22:17+00:00","og_image":[{"width":1280,"height":667,"url":"https:\/\/www.consorciresidus.org\/wp-content\/uploads\/2019\/06\/desitjos-de-sant-joan.jpg","type":"image\/jpeg"}],"author":"Xcor","twitter_card":"summary_large_image","twitter_title":"El COR lanza la campa\u00f1a especial Desitjos de Sant Joan","twitter_description":"El COR lanza Desitjos de Sant Joan, una campa\u00f1a especial de concienciaci\u00f3n por la noche m\u00e1s m\u00e1gica del a\u00f1o, que incluye un concurso en las redes sociales.","twitter_image":"https:\/\/www.consorciresidus.org\/wp-content\/uploads\/2019\/06\/desitjos-de-sant-joan.jpg","twitter_misc":{"Escrito por":"Xcor","Tiempo de lectura":"3 minutos"},"schema":{"@context":"https:\/\/schema.org","@graph":[{"@type":"WebPage","@id":"https:\/\/www.consorciresidus.org\/es\/el-cor-lanza-la-campana-especial-desitjos-de-sant-joan\/","url":"https:\/\/www.consorciresidus.org\/es\/el-cor-lanza-la-campana-especial-desitjos-de-sant-joan\/","name":"El COR lanza la campa\u00f1a especial Desitjos de Sant Joan - Consorcio de Residuos V5 - COR","isPartOf":{"@id":"https:\/\/www.consorciresidus.org\/#website"},"primaryImageOfPage":{"@id":"https:\/\/www.consorciresidus.org\/es\/el-cor-lanza-la-campana-especial-desitjos-de-sant-joan\/#primaryimage"},"image":{"@id":"https:\/\/www.consorciresidus.org\/es\/el-cor-lanza-la-campana-especial-desitjos-de-sant-joan\/#primaryimage"},"thumbnailUrl":"https:\/\/www.consorciresidus.org\/wp-content\/uploads\/2019\/06\/desitjos-de-sant-joan.jpg","datePublished":"2019-06-20T11:06:53+00:00","dateModified":"2019-06-20T12:22:17+00:00","author":{"@id":"https:\/\/www.consorciresidus.org\/#\/schema\/person\/6a82d32a2dda417fcc036de7b6ad6975"},"description":"El COR lanza Desitjos de Sant Joan, una campa\u00f1a especial de concienciaci\u00f3n por la noche m\u00e1s m\u00e1gica del a\u00f1o, que incluye un concurso en las redes sociales.","inLanguage":"es","potentialAction":[{"@type":"ReadAction","target":["https:\/\/www.consorciresidus.org\/es\/el-cor-lanza-la-campana-especial-desitjos-de-sant-joan\/"]}]},{"@type":"ImageObject","inLanguage":"es","@id":"https:\/\/www.consorciresidus.org\/es\/el-cor-lanza-la-campana-especial-desitjos-de-sant-joan\/#primaryimage","url":"https:\/\/www.consorciresidus.org\/wp-content\/uploads\/2019\/06\/desitjos-de-sant-joan.jpg","contentUrl":"https:\/\/www.consorciresidus.org\/wp-content\/uploads\/2019\/06\/desitjos-de-sant-joan.jpg","width":1280,"height":667,"caption":"Desitjos de Sant Joan"},{"@type":"WebSite","@id":"https:\/\/www.consorciresidus.org\/#website","url":"https:\/\/www.consorciresidus.org\/","name":"Consorcio de Residuos V5 - COR","description":"Consorcio para la gesti\u00f3n de residuos","potentialAction":[{"@type":"SearchAction","target":{"@type":"EntryPoint","urlTemplate":"https:\/\/www.consorciresidus.org\/?s={search_term_string}"},"query-input":{"@type":"PropertyValueSpecification","valueRequired":true,"valueName":"search_term_string"}}],"inLanguage":"es"},{"@type":"Person","@id":"https:\/\/www.consorciresidus.org\/#\/schema\/person\/6a82d32a2dda417fcc036de7b6ad6975","name":"Xcor","image":{"@type":"ImageObject","inLanguage":"es","@id":"https:\/\/www.consorciresidus.org\/#\/schema\/person\/image\/","url":"https:\/\/secure.gravatar.com\/avatar\/1822fedf9caf00fc9f698eb42f4c79e8fb5a87d538ab51fae4ba9f42943404dd?s=96&d=mm&r=g","contentUrl":"https:\/\/secure.gravatar.com\/avatar\/1822fedf9caf00fc9f698eb42f4c79e8fb5a87d538ab51fae4ba9f42943404dd?s=96&d=mm&r=g","caption":"Xcor"},"url":"https:\/\/www.consorciresidus.org\/es\/author\/xat-cor\/"}]}},"_links":{"self":[{"href":"https:\/\/www.consorciresidus.org\/es\/wp-json\/wp\/v2\/posts\/21363","targetHints":{"allow":["GET"]}}],"collection":[{"href":"https:\/\/www.consorciresidus.org\/es\/wp-json\/wp\/v2\/posts"}],"about":[{"href":"https:\/\/www.consorciresidus.org\/es\/wp-json\/wp\/v2\/types\/post"}],"author":[{"embeddable":true,"href":"https:\/\/www.consorciresidus.org\/es\/wp-json\/wp\/v2\/users\/2"}],"replies":[{"embeddable":true,"href":"https:\/\/www.consorciresidus.org\/es\/wp-json\/wp\/v2\/comments?post=21363"}],"version-history":[{"count":7,"href":"https:\/\/www.consorciresidus.org\/es\/wp-json\/wp\/v2\/posts\/21363\/revisions"}],"predecessor-version":[{"id":21370,"href":"https:\/\/www.consorciresidus.org\/es\/wp-json\/wp\/v2\/posts\/21363\/revisions\/21370"}],"wp:featuredmedia":[{"embeddable":true,"href":"https:\/\/www.consorciresidus.org\/es\/wp-json\/wp\/v2\/media\/21353"}],"wp:attachment":[{"href":"https:\/\/www.consorciresidus.org\/es\/wp-json\/wp\/v2\/media?parent=21363"}],"wp:term":[{"taxonomy":"category","embeddable":true,"href":"https:\/\/www.consorciresidus.org\/es\/wp-json\/wp\/v2\/categories?post=21363"},{"taxonomy":"post_tag","embeddable":true,"href":"https:\/\/www.consorciresidus.org\/es\/wp-json\/wp\/v2\/tags?post=21363"}],"curies":[{"name":"wp","href":"https:\/\/api.w.org\/{rel}","templated":true}]}}