 



{"id":27881,"date":"2025-11-19T18:26:07","date_gmt":"2025-11-19T18:26:07","guid":{"rendered":"https:\/\/www.consorciresidus.org\/?p=27881"},"modified":"2025-11-19T18:31:55","modified_gmt":"2025-11-19T18:31:55","slug":"semana-europea-de-prevencion-de-residuos","status":"publish","type":"post","link":"https:\/\/www.consorciresidus.org\/es\/semana-europea-de-prevencion-de-residuos\/","title":{"rendered":"Semana Europea de Prevenci\u00f3n de Residuos"},"content":{"rendered":"<p><strong>&#x1f4e2;<\/strong><strong> El Consorcio V5-COR Impulsa la Gesti\u00f3n de RAEE y el Compostaje en la Semana Europea de la Prevenci\u00f3n (EWWR 2025)<\/strong><\/p>\n<p>El <strong>Consorcio de Residuos V5-COR<\/strong> participa en la <strong>Semana Europea de la Prevenci\u00f3n de Residuos (EWWR)<\/strong>, que tiene lugar del 22 al 30 de noviembre, poniendo el foco en la gesti\u00f3n de los <strong>Residuos de Aparatos El\u00e9ctricos y Electr\u00f3nicos (RAEE)<\/strong>.<\/p>\n<p><strong>El Desaf\u00edo de los RAEE<\/strong> &#x1f4f1;&#x1f4fa;&#x1f4f9;<\/p>\n<p>El volumen de RAEE est\u00e1 creciendo exponencialmente debido al uso masivo de tecnolog\u00eda. La gesti\u00f3n correcta de estos residuos es fundamental, ya que contienen materiales peligrosos que pueden causar contaminaci\u00f3n y problemas de salud, y a la vez, materiales valiosos listos para la econom\u00eda circular. Por ello, la correcta separaci\u00f3n y deposici\u00f3n en ecoparques es esencial.<\/p>\n<p><strong><br \/>\nRefuerzo de Servicios y Educaci\u00f3n<\/strong><\/p>\n<p>Para facilitar esta gesti\u00f3n, el Consorcio V5-COR cuenta con <strong>21 ecoparques fijos y 11 m\u00f3viles<\/strong> a disposici\u00f3n de la ciudadan\u00eda.<\/p>\n<p>En el marco de la EWWR, el COR lanza un <strong>ecoparque m\u00f3vil educativo<\/strong> que estar\u00e1 dirigido a toda la ciudadan\u00eda. Esta iniciativa resaltar\u00e1 la importancia del servicio, c\u00f3mo utilizarlo, describir\u00e1 la cuenta ambiental asociada a cada usuario, y har\u00e1 hincapi\u00e9 en la separaci\u00f3n de los RAEE y las 3R (Reducir, Reutilizar, Reciclar).<\/p>\n<p><strong><br \/>\nFomento del Compostaje Dom\u00e9stico<\/strong><\/p>\n<p>Como parte de su objetivo de prevenci\u00f3n, el Consorcio mantiene su firme apuesta por el <strong>compostaje dom\u00e9stico<\/strong>.<\/p>\n<ul>\n<li>Actualmente, <strong>1.150 familias<\/strong> participan en el programa, lo que ha permitido autogestionar y compostar unas <strong>471 toneladas de materia org\u00e1nica<\/strong> en sus propios hogares.<\/li>\n<li>Durante esta semana, se llevar\u00e1n a cabo <strong>talleres de compostaje dom\u00e9stico<\/strong> y charlas informativas sobre separaci\u00f3n y la tasa del consorcio.<\/li>\n<\/ul>\n<p>El Presidente del Consorcio, D. Elio Cabanes, subraya la importancia de esta campa\u00f1a: \u00abPedimos la colaboraci\u00f3n de todos nuestros ciudadanos para que entiendan la importancia cr\u00edtica de llevar estos residuos a nuestros ecoparques. Estos aparatos son un recurso valioso que contiene materiales esenciales que debemos recuperar.\u00bb<\/p>\n<p><strong>Consulta el calendario y \u00fanete a las actividades de la EWWR 2025<\/strong><\/p>\n<p>&#x1f4c5;<strong>LUNES\u00a0 24 de noviembre<\/strong><\/p>\n<p>&#x1f4cd;<a href=\"https:\/\/maps.app.goo.gl\/QGrfarhGoBDSw7tEA\">Ayora, Plaza Mayor<\/a><\/p>\n<ul>\n<li>Ecoparque m\u00f3vil educativo<\/li>\n<li>Exposici\u00f3n \u201cProtegiendo la naturaleza con el COR\u201d<\/li>\n<\/ul>\n<p>&#x1f4cd;<a href=\"https:\/\/maps.app.goo.gl\/tqfyuBfukTgARj5j6\">X\u00e0tiva, Sede del COR<\/a> Inscr\u00edbete <a href=\"https:\/\/citizen.cor.actaiswaste.com\/TalksAndWorkshops\">ac\u00ed<\/a><\/p>\n<p>&#x1f558; 18:00h<\/p>\n<ul>\n<li>Taller compostaje dom\u00e9stico impartido por Mikel Vela, maestro compostador.<\/li>\n<\/ul>\n<p>&#x1f4c5;<strong>MARTES\u00a0 25 de noviembre<\/strong><\/p>\n<p>&#x1f4cd;<a href=\"https:\/\/maps.app.goo.gl\/dtFmvxyiN82Datga8\">Mogente, Plaza Mayor<\/a><\/p>\n<ul>\n<li>Ecoparque m\u00f3vil educativo<\/li>\n<li>Exposici\u00f3n \u201cProtegiendo la naturaleza con el COR\u201d<\/li>\n<\/ul>\n<p>&#x1f4cd;<a href=\"https:\/\/maps.app.goo.gl\/LTDrMsptZh61dWwc9\">Mogente, Hogar del jubilado<\/a><\/p>\n<p>&#x1f558; 18:00h<\/p>\n<ul>\n<li>Taller sobre separaci\u00f3n de residuos y tasa del COR, abierto a tota la poblaci\u00f3n.<\/li>\n<\/ul>\n<p>&#x1f4c5;<strong>MI\u00c9RCOLES\u00a0 26 de noviembre<\/strong><\/p>\n<p>&#x1f4cd;<a href=\"https:\/\/maps.app.goo.gl\/236iiYJjdXoStoJZ8\">Chella, Calle Alegr\u00eda<\/a><\/p>\n<ul>\n<li>Ecoparque m\u00f3vil educativo<\/li>\n<li>Exposici\u00f3n \u201cProtegiendo la naturaleza con el COR\u201d<\/li>\n<\/ul>\n<p>&#x1f4c5;<strong>JUEVES 27 de noviembre<\/strong><\/p>\n<p>&#x1f4cd;<a href=\"https:\/\/maps.app.goo.gl\/nUJghemek4VTAHQu8\">Benig\u00e0nim, Plaza Mayor<\/a><\/p>\n<ul>\n<li>Ecoparque m\u00f3vil educativo<\/li>\n<li>Exposici\u00f3n \u201cProtegiendo la naturaleza con el COR\u201d<\/li>\n<\/ul>\n<p>&#x1f4c5;<strong>VIERNES 28 de noviembre<\/strong><\/p>\n<p>&#x1f4cd;<a href=\"https:\/\/maps.app.goo.gl\/Y3WDrdqBfVoygRdu9\">Oliva, Parque de la Estaci\u00f3n<\/a><\/p>\n<ul>\n<li>Ecoparque m\u00f3vil educativo<\/li>\n<li>Exposici\u00f3n \u201cProtegiendo la naturaleza con el COR\u201d<\/li>\n<\/ul>\n<p>&nbsp;<\/p>\n<p><img loading=\"lazy\" decoding=\"async\" class=\"alignnone wp-image-27878\" src=\"https:\/\/www.consorciresidus.org\/wp-content\/uploads\/2025\/11\/postinsta_esp-240x300.png\" alt=\"\" width=\"386\" height=\"483\" srcset=\"https:\/\/www.consorciresidus.org\/wp-content\/uploads\/2025\/11\/postinsta_esp-240x300.png 240w, https:\/\/www.consorciresidus.org\/wp-content\/uploads\/2025\/11\/postinsta_esp-819x1024.png 819w, https:\/\/www.consorciresidus.org\/wp-content\/uploads\/2025\/11\/postinsta_esp-768x960.png 768w, https:\/\/www.consorciresidus.org\/wp-content\/uploads\/2025\/11\/postinsta_esp-500x625.png 500w, https:\/\/www.consorciresidus.org\/wp-content\/uploads\/2025\/11\/postinsta_esp.png 1200w\" sizes=\"auto, (max-width: 386px) 100vw, 386px\" \/><\/p>\n<div style=\"clear:both;\"><\/div>","protected":false},"excerpt":{"rendered":"<p>&#x1f4e2; El Consorcio V5-COR Impulsa la Gesti\u00f3n de RAEE y el Compostaje en la Semana Europea de la Prevenci\u00f3n (EWWR 2025) El Consorcio de Residuos V5-COR [&hellip;]<\/p>\n","protected":false},"author":4,"featured_media":27875,"comment_status":"closed","ping_status":"closed","sticky":false,"template":"","format":"standard","meta":{"footnotes":""},"categories":[79],"tags":[],"class_list":["post-27881","post","type-post","status-publish","format-standard","has-post-thumbnail","hentry","category-sin-categorizar"],"yoast_head":"<!-- This site is optimized with the Yoast SEO plugin v26.0 - https:\/\/yoast.com\/wordpress\/plugins\/seo\/ -->\n<title>Semana Europea de Prevenci\u00f3n de Residuos - Consorcio de Residuos V5 - COR<\/title>\n<meta name=\"robots\" content=\"index, follow, max-snippet:-1, max-image-preview:large, max-video-preview:-1\" \/>\n<link rel=\"canonical\" href=\"https:\/\/www.consorciresidus.org\/es\/semana-europea-de-prevencion-de-residuos\/\" \/>\n<meta property=\"og:locale\" content=\"es_ES\" \/>\n<meta property=\"og:type\" content=\"article\" \/>\n<meta property=\"og:title\" content=\"Semana Europea de Prevenci\u00f3n de Residuos - Consorcio de Residuos V5 - COR\" \/>\n<meta property=\"og:description\" content=\"&#x1f4e2; El Consorcio V5-COR Impulsa la Gesti\u00f3n de RAEE y el Compostaje en la Semana Europea de la Prevenci\u00f3n (EWWR 2025) El Consorcio de Residuos V5-COR [&hellip;]\" \/>\n<meta property=\"og:url\" content=\"https:\/\/www.consorciresidus.org\/es\/semana-europea-de-prevencion-de-residuos\/\" \/>\n<meta property=\"og:site_name\" content=\"Consorcio de Residuos V5 - COR\" \/>\n<meta property=\"article:published_time\" content=\"2025-11-19T18:26:07+00:00\" \/>\n<meta property=\"article:modified_time\" content=\"2025-11-19T18:31:55+00:00\" \/>\n<meta property=\"og:image\" content=\"https:\/\/www.consorciresidus.org\/wp-content\/uploads\/2025\/11\/ewwr2025_bannerfb_esp.png\" \/>\n\t<meta property=\"og:image:width\" content=\"1619\" \/>\n\t<meta property=\"og:image:height\" content=\"606\" \/>\n\t<meta property=\"og:image:type\" content=\"image\/png\" \/>\n<meta name=\"author\" content=\"Ahead Data Web\" \/>\n<meta name=\"twitter:card\" content=\"summary_large_image\" \/>\n<meta name=\"twitter:label1\" content=\"Escrito por\" \/>\n\t<meta name=\"twitter:data1\" content=\"Ahead Data Web\" \/>\n\t<meta name=\"twitter:label2\" content=\"Tiempo de lectura\" \/>\n\t<meta name=\"twitter:data2\" content=\"3 minutos\" \/>\n<script type=\"application\/ld+json\" class=\"yoast-schema-graph\">{\"@context\":\"https:\/\/schema.org\",\"@graph\":[{\"@type\":\"WebPage\",\"@id\":\"https:\/\/www.consorciresidus.org\/es\/semana-europea-de-prevencion-de-residuos\/\",\"url\":\"https:\/\/www.consorciresidus.org\/es\/semana-europea-de-prevencion-de-residuos\/\",\"name\":\"Semana Europea de Prevenci\u00f3n de Residuos - Consorcio de Residuos V5 - COR\",\"isPartOf\":{\"@id\":\"https:\/\/www.consorciresidus.org\/#website\"},\"primaryImageOfPage\":{\"@id\":\"https:\/\/www.consorciresidus.org\/es\/semana-europea-de-prevencion-de-residuos\/#primaryimage\"},\"image\":{\"@id\":\"https:\/\/www.consorciresidus.org\/es\/semana-europea-de-prevencion-de-residuos\/#primaryimage\"},\"thumbnailUrl\":\"https:\/\/www.consorciresidus.org\/wp-content\/uploads\/2025\/11\/ewwr2025_bannerfb_esp.png\",\"datePublished\":\"2025-11-19T18:26:07+00:00\",\"dateModified\":\"2025-11-19T18:31:55+00:00\",\"author\":{\"@id\":\"https:\/\/www.consorciresidus.org\/#\/schema\/person\/ada61f6337109d6a48ccbb8f0f1a167c\"},\"inLanguage\":\"es\",\"potentialAction\":[{\"@type\":\"ReadAction\",\"target\":[\"https:\/\/www.consorciresidus.org\/es\/semana-europea-de-prevencion-de-residuos\/\"]}]},{\"@type\":\"ImageObject\",\"inLanguage\":\"es\",\"@id\":\"https:\/\/www.consorciresidus.org\/es\/semana-europea-de-prevencion-de-residuos\/#primaryimage\",\"url\":\"https:\/\/www.consorciresidus.org\/wp-content\/uploads\/2025\/11\/ewwr2025_bannerfb_esp.png\",\"contentUrl\":\"https:\/\/www.consorciresidus.org\/wp-content\/uploads\/2025\/11\/ewwr2025_bannerfb_esp.png\",\"width\":1619,\"height\":606,\"caption\":\"Setmana Europea de Prevenci\u00f3 de Residus\"},{\"@type\":\"WebSite\",\"@id\":\"https:\/\/www.consorciresidus.org\/#website\",\"url\":\"https:\/\/www.consorciresidus.org\/\",\"name\":\"Consorcio de Residuos V5 - COR\",\"description\":\"Consorcio para la gesti\u00f3n de residuos\",\"potentialAction\":[{\"@type\":\"SearchAction\",\"target\":{\"@type\":\"EntryPoint\",\"urlTemplate\":\"https:\/\/www.consorciresidus.org\/?s={search_term_string}\"},\"query-input\":{\"@type\":\"PropertyValueSpecification\",\"valueRequired\":true,\"valueName\":\"search_term_string\"}}],\"inLanguage\":\"es\"},{\"@type\":\"Person\",\"@id\":\"https:\/\/www.consorciresidus.org\/#\/schema\/person\/ada61f6337109d6a48ccbb8f0f1a167c\",\"name\":\"Ahead Data Web\",\"image\":{\"@type\":\"ImageObject\",\"inLanguage\":\"es\",\"@id\":\"https:\/\/www.consorciresidus.org\/#\/schema\/person\/image\/\",\"url\":\"https:\/\/secure.gravatar.com\/avatar\/a805807258f512ee44cf3c2350b550ab2dfe9e3a7ed70e48e8e3462e0622217c?s=96&d=mm&r=g\",\"contentUrl\":\"https:\/\/secure.gravatar.com\/avatar\/a805807258f512ee44cf3c2350b550ab2dfe9e3a7ed70e48e8e3462e0622217c?s=96&d=mm&r=g\",\"caption\":\"Ahead Data Web\"},\"url\":\"https:\/\/www.consorciresidus.org\/es\/author\/webaheaddata-com\/\"}]}<\/script>\n<!-- \/ Yoast SEO plugin. -->","yoast_head_json":{"title":"Semana Europea de Prevenci\u00f3n de Residuos - Consorcio de Residuos V5 - COR","robots":{"index":"index","follow":"follow","max-snippet":"max-snippet:-1","max-image-preview":"max-image-preview:large","max-video-preview":"max-video-preview:-1"},"canonical":"https:\/\/www.consorciresidus.org\/es\/semana-europea-de-prevencion-de-residuos\/","og_locale":"es_ES","og_type":"article","og_title":"Semana Europea de Prevenci\u00f3n de Residuos - Consorcio de Residuos V5 - COR","og_description":"&#x1f4e2; El Consorcio V5-COR Impulsa la Gesti\u00f3n de RAEE y el Compostaje en la Semana Europea de la Prevenci\u00f3n (EWWR 2025) El Consorcio de Residuos V5-COR [&hellip;]","og_url":"https:\/\/www.consorciresidus.org\/es\/semana-europea-de-prevencion-de-residuos\/","og_site_name":"Consorcio de Residuos V5 - COR","article_published_time":"2025-11-19T18:26:07+00:00","article_modified_time":"2025-11-19T18:31:55+00:00","og_image":[{"width":1619,"height":606,"url":"https:\/\/www.consorciresidus.org\/wp-content\/uploads\/2025\/11\/ewwr2025_bannerfb_esp.png","type":"image\/png"}],"author":"Ahead Data Web","twitter_card":"summary_large_image","twitter_misc":{"Escrito por":"Ahead Data Web","Tiempo de lectura":"3 minutos"},"schema":{"@context":"https:\/\/schema.org","@graph":[{"@type":"WebPage","@id":"https:\/\/www.consorciresidus.org\/es\/semana-europea-de-prevencion-de-residuos\/","url":"https:\/\/www.consorciresidus.org\/es\/semana-europea-de-prevencion-de-residuos\/","name":"Semana Europea de Prevenci\u00f3n de Residuos - Consorcio de Residuos V5 - COR","isPartOf":{"@id":"https:\/\/www.consorciresidus.org\/#website"},"primaryImageOfPage":{"@id":"https:\/\/www.consorciresidus.org\/es\/semana-europea-de-prevencion-de-residuos\/#primaryimage"},"image":{"@id":"https:\/\/www.consorciresidus.org\/es\/semana-europea-de-prevencion-de-residuos\/#primaryimage"},"thumbnailUrl":"https:\/\/www.consorciresidus.org\/wp-content\/uploads\/2025\/11\/ewwr2025_bannerfb_esp.png","datePublished":"2025-11-19T18:26:07+00:00","dateModified":"2025-11-19T18:31:55+00:00","author":{"@id":"https:\/\/www.consorciresidus.org\/#\/schema\/person\/ada61f6337109d6a48ccbb8f0f1a167c"},"inLanguage":"es","potentialAction":[{"@type":"ReadAction","target":["https:\/\/www.consorciresidus.org\/es\/semana-europea-de-prevencion-de-residuos\/"]}]},{"@type":"ImageObject","inLanguage":"es","@id":"https:\/\/www.consorciresidus.org\/es\/semana-europea-de-prevencion-de-residuos\/#primaryimage","url":"https:\/\/www.consorciresidus.org\/wp-content\/uploads\/2025\/11\/ewwr2025_bannerfb_esp.png","contentUrl":"https:\/\/www.consorciresidus.org\/wp-content\/uploads\/2025\/11\/ewwr2025_bannerfb_esp.png","width":1619,"height":606,"caption":"Setmana Europea de Prevenci\u00f3 de Residus"},{"@type":"WebSite","@id":"https:\/\/www.consorciresidus.org\/#website","url":"https:\/\/www.consorciresidus.org\/","name":"Consorcio de Residuos V5 - COR","description":"Consorcio para la gesti\u00f3n de residuos","potentialAction":[{"@type":"SearchAction","target":{"@type":"EntryPoint","urlTemplate":"https:\/\/www.consorciresidus.org\/?s={search_term_string}"},"query-input":{"@type":"PropertyValueSpecification","valueRequired":true,"valueName":"search_term_string"}}],"inLanguage":"es"},{"@type":"Person","@id":"https:\/\/www.consorciresidus.org\/#\/schema\/person\/ada61f6337109d6a48ccbb8f0f1a167c","name":"Ahead Data Web","image":{"@type":"ImageObject","inLanguage":"es","@id":"https:\/\/www.consorciresidus.org\/#\/schema\/person\/image\/","url":"https:\/\/secure.gravatar.com\/avatar\/a805807258f512ee44cf3c2350b550ab2dfe9e3a7ed70e48e8e3462e0622217c?s=96&d=mm&r=g","contentUrl":"https:\/\/secure.gravatar.com\/avatar\/a805807258f512ee44cf3c2350b550ab2dfe9e3a7ed70e48e8e3462e0622217c?s=96&d=mm&r=g","caption":"Ahead Data Web"},"url":"https:\/\/www.consorciresidus.org\/es\/author\/webaheaddata-com\/"}]}},"_links":{"self":[{"href":"https:\/\/www.consorciresidus.org\/es\/wp-json\/wp\/v2\/posts\/27881","targetHints":{"allow":["GET"]}}],"collection":[{"href":"https:\/\/www.consorciresidus.org\/es\/wp-json\/wp\/v2\/posts"}],"about":[{"href":"https:\/\/www.consorciresidus.org\/es\/wp-json\/wp\/v2\/types\/post"}],"author":[{"embeddable":true,"href":"https:\/\/www.consorciresidus.org\/es\/wp-json\/wp\/v2\/users\/4"}],"replies":[{"embeddable":true,"href":"https:\/\/www.consorciresidus.org\/es\/wp-json\/wp\/v2\/comments?post=27881"}],"version-history":[{"count":3,"href":"https:\/\/www.consorciresidus.org\/es\/wp-json\/wp\/v2\/posts\/27881\/revisions"}],"predecessor-version":[{"id":27884,"href":"https:\/\/www.consorciresidus.org\/es\/wp-json\/wp\/v2\/posts\/27881\/revisions\/27884"}],"wp:featuredmedia":[{"embeddable":true,"href":"https:\/\/www.consorciresidus.org\/es\/wp-json\/wp\/v2\/media\/27875"}],"wp:attachment":[{"href":"https:\/\/www.consorciresidus.org\/es\/wp-json\/wp\/v2\/media?parent=27881"}],"wp:term":[{"taxonomy":"category","embeddable":true,"href":"https:\/\/www.consorciresidus.org\/es\/wp-json\/wp\/v2\/categories?post=27881"},{"taxonomy":"post_tag","embeddable":true,"href":"https:\/\/www.consorciresidus.org\/es\/wp-json\/wp\/v2\/tags?post=27881"}],"curies":[{"name":"wp","href":"https:\/\/api.w.org\/{rel}","templated":true}]}}